{"id":9508,"date":"2026-04-27T10:45:25","date_gmt":"2026-04-27T09:45:25","guid":{"rendered":"https:\/\/igualdad.us.es\/wpblog\/?p=9508"},"modified":"2026-04-27T10:52:37","modified_gmt":"2026-04-27T09:52:37","slug":"dia-de-la-visibilidad-lesbica","status":"publish","type":"post","link":"https:\/\/igualdad.us.es\/wpblog\/dia-de-la-visibilidad-lesbica\/","title":{"rendered":"D\u00eda de la Visibilidad L\u00e9sbica"},"content":{"rendered":"<p>El 26 de abril, las mujeres lesbianas de Espa\u00f1a y de otros pa\u00edses del mundo celebran y reivindican el D\u00eda de la visibilidad l\u00e9sbica. Se trata de normalizar el lesbianismo, acabando con los prejuicios. Se trata de poner el foco en una realidad que ha sido invisibilizada tradicionalmente, enmascarando las relaciones sexoafectivas entre mujeres, disfraz\u00e1ndolas, conden\u00e1ndolas al \u00e1mbito privado, al ostracismo.<\/p>\n<p>El D\u00eda de la Visibilidad L\u00e9sbica es una jornada de concienciaci\u00f3n y reivindicaci\u00f3n. Las mujeres lesbianas son discriminadas por ser mujeres y por ser lesbianas. Tambi\u00e9n es una jornada de reconocimiento a todas aquellas mujeres lesbianas que tuvieron que vivir vidas que no les correspond\u00edan por miedo a sufrir acoso, represalias y a ser repudiadas socialmente. Mujeres que lucharon por conseguir los derechos de los que goza el colectivo en la actualidad.<\/p>\n<p><a href=\"https:\/\/igualdad.us.es\/wpblog\/wp-content\/uploads\/2026\/04\/Dia-Visibilidad-Lesbica_cartel-br.jpg\" target=\"_blank\" rel=\"noopener\"><img loading=\"lazy\" decoding=\"async\" class=\"aligncenter wp-image-9509\" src=\"https:\/\/igualdad.us.es\/wpblog\/wp-content\/uploads\/2026\/04\/Dia-Visibilidad-Lesbica_cartel-br-683x1024.jpg\" alt=\"cartel\" width=\"400\" height=\"600\" srcset=\"https:\/\/igualdad.us.es\/wpblog\/wp-content\/uploads\/2026\/04\/Dia-Visibilidad-Lesbica_cartel-br-683x1024.jpg 683w, https:\/\/igualdad.us.es\/wpblog\/wp-content\/uploads\/2026\/04\/Dia-Visibilidad-Lesbica_cartel-br-200x300.jpg 200w, https:\/\/igualdad.us.es\/wpblog\/wp-content\/uploads\/2026\/04\/Dia-Visibilidad-Lesbica_cartel-br-768x1152.jpg 768w, https:\/\/igualdad.us.es\/wpblog\/wp-content\/uploads\/2026\/04\/Dia-Visibilidad-Lesbica_cartel-br.jpg 1000w\" sizes=\"auto, (max-width: 400px) 100vw, 400px\" \/><\/a><\/p>\n","protected":false},"excerpt":{"rendered":"<p>.<\/p>\n","protected":false},"author":1,"featured_media":9510,"comment_status":"open","ping_status":"open","sticky":false,"template":"","format":"standard","meta":{"footnotes":""},"categories":[27],"tags":[],"class_list":["post-9508","post","type-post","status-publish","format-standard","has-post-thumbnail","hentry","category-noticia"],"gutentor_comment":0,"_links":{"self":[{"href":"https:\/\/igualdad.us.es\/wpblog\/wp-json\/wp\/v2\/posts\/9508","targetHints":{"allow":["GET"]}}],"collection":[{"href":"https:\/\/igualdad.us.es\/wpblog\/wp-json\/wp\/v2\/posts"}],"about":[{"href":"https:\/\/igualdad.us.es\/wpblog\/wp-json\/wp\/v2\/types\/post"}],"author":[{"embeddable":true,"href":"https:\/\/igualdad.us.es\/wpblog\/wp-json\/wp\/v2\/users\/1"}],"replies":[{"embeddable":true,"href":"https:\/\/igualdad.us.es\/wpblog\/wp-json\/wp\/v2\/comments?post=9508"}],"version-history":[{"count":3,"href":"https:\/\/igualdad.us.es\/wpblog\/wp-json\/wp\/v2\/posts\/9508\/revisions"}],"predecessor-version":[{"id":9513,"href":"https:\/\/igualdad.us.es\/wpblog\/wp-json\/wp\/v2\/posts\/9508\/revisions\/9513"}],"wp:featuredmedia":[{"embeddable":true,"href":"https:\/\/igualdad.us.es\/wpblog\/wp-json\/wp\/v2\/media\/9510"}],"wp:attachment":[{"href":"https:\/\/igualdad.us.es\/wpblog\/wp-json\/wp\/v2\/media?parent=9508"}],"wp:term":[{"taxonomy":"category","embeddable":true,"href":"https:\/\/igualdad.us.es\/wpblog\/wp-json\/wp\/v2\/categories?post=9508"},{"taxonomy":"post_tag","embeddable":true,"href":"https:\/\/igualdad.us.es\/wpblog\/wp-json\/wp\/v2\/tags?post=9508"}],"curies":[{"name":"wp","href":"https:\/\/api.w.org\/{rel}","templated":true}]}}