{"id":9416,"date":"2026-04-09T10:36:15","date_gmt":"2026-04-09T09:36:15","guid":{"rendered":"https:\/\/igualdad.us.es\/wpblog\/?p=9416"},"modified":"2026-04-28T09:04:34","modified_gmt":"2026-04-28T08:04:34","slug":"reconocimientos-buenas-practicas-en-materia-de-igualdad-de-genero-2026","status":"publish","type":"post","link":"https:\/\/igualdad.us.es\/wpblog\/reconocimientos-buenas-practicas-en-materia-de-igualdad-de-genero-2026\/","title":{"rendered":"Reconocimientos buenas pr\u00e1cticas en materia de igualdad de g\u00e9nero 2026"},"content":{"rendered":"<p><span style=\"color: #2e75b6;\"><strong>IV Edici\u00f3n Reconocimientos a buenas pr\u00e1cticas en materia de igualdad de g\u00e9nero en la Universidad de Sevilla 2026<\/strong><\/span><br \/>\n<span style=\"color: #999999;\">(Reconocimientos-igualdad-2026)<\/span><\/p>\n<p style=\"text-align: justify;\">El art\u00edculo 14 de la Ley Org\u00e1nica 3\/2007, de 22 de marzo, para la igualdad efectiva de mujeres y hombres se\u00f1ala entre sus principios generales como criterios de actuaci\u00f3n de los Poderes P\u00fablicos el <strong>compromiso<\/strong> con la efectividad del<strong> derecho constitucional de igualdad entre mujeres y hombres<\/strong>, as\u00ed como el fomento de instrumentos de colaboraci\u00f3n entre las distintas Administraciones p\u00fablicas y los agentes sociales, las asociaciones de mujeres y otras entidades privadas.<\/p>\n<p style=\"text-align: justify;\">Por su parte, el art\u00edculo 4 de la Ley 12\/2007, de 26 de noviembre, para la promoci\u00f3n de la igualdad de g\u00e9nero en Andaluc\u00eda, fija entre sus principios generales la <strong>igualdad de trato entre mujeres y hombres<\/strong>, que supone la <strong>ausencia<\/strong> de toda <strong>discriminaci\u00f3n<\/strong>, directa o indirecta, <strong>por raz\u00f3n de sexo<\/strong>\u201d<\/p>\n<p style=\"text-align: justify;\">La Universidad de Sevilla, en su intenci\u00f3n de promover la igualdad real y efectiva entre mujeres y hombres en la comunidad universitaria, entiende que un <strong>cambio cultural en materia de igualdad requiere de la sensibilizaci\u00f3n<\/strong> y la puesta en marcha de acciones que incentiven ese cambio.<\/p>\n<p style=\"text-align: justify;\">La Universidad de Sevilla, a trav\u00e9s del Vicerrectorado de Bienestar, Salud, Diversidad e Igualdad y de la Unidad para la Igualdad, ha considerado convocar la<strong><span style=\"color: #2e75b6;\"> IV Edici\u00f3n Reconocimientos a buenas pr\u00e1cticas en materia de igualdad de g\u00e9nero en la Universidad de Sevilla 2026<\/span>, <\/strong>con el <span style=\"color: #3f9397;\"><strong>Objetivo <\/strong><\/span>de reconocer p\u00fablicamente el esfuerzo realizado en estas materias por los centros, departamentos, servicios y miembros de la comunidad universitaria, as\u00ed como agentes externos que colaboran con la Universidad de Sevilla (US), lo que supone visibilizar y distinguir su contribuci\u00f3n a la creaci\u00f3n y consolidaci\u00f3n de una verdadera cultura igualitaria.<\/p>\n<p style=\"text-align: justify;\"><span style=\"color: #3f9397;\"><strong>\u00bb Requisitos para participar:<\/strong> <\/span>Podr\u00e1n solicitar el Reconocimiento centros, departamentos, servicios y miembros de la comunidad universitaria de la Universidad de Sevilla, y agentes externos que colaboran con la Universidad de Sevilla, que hayan desarrollado actuaciones o iniciativas que promuevan o mejoren las condiciones para la aplicaci\u00f3n del principio de igualdad de g\u00e9nero en la Universidad de Sevilla de forma real y efectiva; as\u00ed como cualquier acci\u00f3n que contribuya a remover los obst\u00e1culos que la impidan o dificulten, o que faciliten la participaci\u00f3n de todos los miembros de la comunidad universitaria en la aplicaci\u00f3n del principio de igualdad de g\u00e9nero.<\/p>\n<p style=\"text-align: justify;\"><span style=\"color: #3f9397;\"><strong>\u00bb Modalidades:<\/strong><\/span><\/p>\n<ol style=\"list-style-type: lower-alpha;\">\n<li><strong>A la trayectoria en igualdad. <\/strong>Por su recorrido y trabajo continuado de manera significativa en la implantaci\u00f3n y consolidaci\u00f3n de la cultura de igualdad, en general y en la Universidad de Sevilla.<\/li>\n<li><strong>Al desarrollo de la formaci\u00f3n en materia de igualdad. <\/strong>Por reconocimiento al impulso de la formaci\u00f3n en materia de igualdad como instrumento fundamental en el desarrollo de la igualdad.<\/li>\n<li><strong>A la investigaci\u00f3n en materia de igualdad. <\/strong>Por su desarrollo de l\u00edneas de investigaci\u00f3n que suponen avances en materia de igualdad.<\/li>\n<li><strong>A la labor favorecedora de la conciliaci\u00f3n y corresponsabilidad. <\/strong>Por sus iniciativas y aplicaci\u00f3n de medidas de conciliaci\u00f3n y corresponsabilidad, que suponen una mejora de las condiciones laborales, m\u00e1s igualitarias y saludables en la comunidad universitaria.<\/li>\n<li><strong>Al desarrollo de la cultura buentrato, convivencia e igualdad en la comunidad universitaria y prevenci\u00f3n de la violencia machista. <\/strong>Por sus actuaciones y decisiones que contribuyen al desarrollo de la cultura de igualdad entre las personas de la comunidad universitaria de la US.<\/li>\n<li><strong>Menci\u00f3n especial. <\/strong>Por su contribuci\u00f3n significativa a la igualdad y su impacto en la sociedad.<\/li>\n<\/ol>\n<p style=\"text-align: left;\"><span style=\"color: #3f9397;\"><strong>\u00bb Bases de la convocatoria <\/strong><a style=\"color: #3f9397;\" href=\"https:\/\/igualdad.us.es\/wpblog\/wp-content\/uploads\/2026\/04\/ReconocimientoBuenasPracticasIgualdad-2026_Convo.Bases_.report.pdf\" target=\"_blank\" rel=\"noopener\">aqu\u00ed<\/a><br \/>\n<\/span><\/p>\n<p><span style=\"color: #3f9397;\"><strong>\u00bb Solicitud (Anexo I)\u00a0<\/strong> <a style=\"color: #3f9397;\" href=\"https:\/\/igualdad.us.es\/wpblog\/wp-content\/uploads\/2026\/04\/ReconocimientoBuenasPracticasIgualdad-2026_Convo.Anexo-I_Solicitud.pdf\" target=\"_blank\" rel=\"noopener\">Solicitud (PDF)<\/a><\/span><\/p>\n<p><span style=\"color: #3f9397;\"><strong>\u00bb Plazo de presentaci\u00f3n de <span style=\"color: #3f9397;\">candidaturas<\/span><\/strong>\u00a0<\/span> hasta el <strong>15 de mayo<\/strong><strong> de 2026<\/strong>.<\/p>\n<p><span style=\"color: #3f9397;\"><span style=\"color: #d57186;\"><strong><span style=\"color: #3f9397;\">\u00bb Publicidad:<\/span><\/strong><span style=\"color: #3f9397;\"> <a style=\"color: #3f9397;\" href=\"https:\/\/igualdad.us.es\/wpblog\/wp-content\/uploads\/2026\/04\/ReconocimientoBuenasPracticasIgualdad-2026_Cartel.pdf\" target=\"_blank\" rel=\"noopener\">Cartel<\/a><\/span><strong><br \/>\n<\/strong><\/span><\/span><\/p>\n<p><a href=\"https:\/\/igualdad.us.es\/wpblog\/wp-content\/uploads\/2026\/04\/ReconocimientoBuenasPracticasIgualdad-2026_Cartel.png\" target=\"_blank\" rel=\"noopener\"><img loading=\"lazy\" decoding=\"async\" class=\"aligncenter wp-image-9433 size-large\" src=\"https:\/\/igualdad.us.es\/wpblog\/wp-content\/uploads\/2026\/04\/ReconocimientoBuenasPracticasIgualdad-2026_Cartel-1024x576.png\" alt=\"\" width=\"640\" height=\"360\" srcset=\"https:\/\/igualdad.us.es\/wpblog\/wp-content\/uploads\/2026\/04\/ReconocimientoBuenasPracticasIgualdad-2026_Cartel-1024x576.png 1024w, https:\/\/igualdad.us.es\/wpblog\/wp-content\/uploads\/2026\/04\/ReconocimientoBuenasPracticasIgualdad-2026_Cartel-300x169.png 300w, https:\/\/igualdad.us.es\/wpblog\/wp-content\/uploads\/2026\/04\/ReconocimientoBuenasPracticasIgualdad-2026_Cartel-768x432.png 768w, https:\/\/igualdad.us.es\/wpblog\/wp-content\/uploads\/2026\/04\/ReconocimientoBuenasPracticasIgualdad-2026_Cartel.png 1280w\" sizes=\"auto, (max-width: 640px) 100vw, 640px\" \/><\/a><\/p>\n<p>&nbsp;<\/p>\n<hr \/>\n<p><span style=\"color: #002858;\"><strong><span style=\"color: #2e75b6;\">+ informaci\u00f3n de los Reconocimientos <a style=\"color: #2e75b6;\" href=\"https:\/\/igualdad.us.es\/wpblog\/actuaciones\/reconocimientos-buenas-practicas-de-igualdad\/\">aqu\u00ed<\/a><\/span><br \/>\n<\/strong><\/span><\/p>\n","protected":false},"excerpt":{"rendered":"<p>Plazo hasta el 15 de mayo de 2026<\/p>\n","protected":false},"author":1,"featured_media":9425,"comment_status":"closed","ping_status":"closed","sticky":true,"template":"","format":"standard","meta":{"footnotes":""},"categories":[34,27,35,38,36],"tags":[],"class_list":["post-9416","post","type-post","status-publish","format-standard","has-post-thumbnail","hentry","category-destacado","category-noticia","category-premios","category-premios-propios","category-premios-us"],"gutentor_comment":0,"_links":{"self":[{"href":"https:\/\/igualdad.us.es\/wpblog\/wp-json\/wp\/v2\/posts\/9416","targetHints":{"allow":["GET"]}}],"collection":[{"href":"https:\/\/igualdad.us.es\/wpblog\/wp-json\/wp\/v2\/posts"}],"about":[{"href":"https:\/\/igualdad.us.es\/wpblog\/wp-json\/wp\/v2\/types\/post"}],"author":[{"embeddable":true,"href":"https:\/\/igualdad.us.es\/wpblog\/wp-json\/wp\/v2\/users\/1"}],"replies":[{"embeddable":true,"href":"https:\/\/igualdad.us.es\/wpblog\/wp-json\/wp\/v2\/comments?post=9416"}],"version-history":[{"count":8,"href":"https:\/\/igualdad.us.es\/wpblog\/wp-json\/wp\/v2\/posts\/9416\/revisions"}],"predecessor-version":[{"id":9438,"href":"https:\/\/igualdad.us.es\/wpblog\/wp-json\/wp\/v2\/posts\/9416\/revisions\/9438"}],"wp:featuredmedia":[{"embeddable":true,"href":"https:\/\/igualdad.us.es\/wpblog\/wp-json\/wp\/v2\/media\/9425"}],"wp:attachment":[{"href":"https:\/\/igualdad.us.es\/wpblog\/wp-json\/wp\/v2\/media?parent=9416"}],"wp:term":[{"taxonomy":"category","embeddable":true,"href":"https:\/\/igualdad.us.es\/wpblog\/wp-json\/wp\/v2\/categories?post=9416"},{"taxonomy":"post_tag","embeddable":true,"href":"https:\/\/igualdad.us.es\/wpblog\/wp-json\/wp\/v2\/tags?post=9416"}],"curies":[{"name":"wp","href":"https:\/\/api.w.org\/{rel}","templated":true}]}}