{"id":9358,"date":"2026-03-18T13:54:17","date_gmt":"2026-03-18T12:54:17","guid":{"rendered":"https:\/\/igualdad.us.es\/wpblog\/?p=9358"},"modified":"2026-04-09T09:30:33","modified_gmt":"2026-04-09T08:30:33","slug":"abierta-inscripcion-en-la-red-de-voluntariado-violencia-de-genero-2026","status":"publish","type":"post","link":"https:\/\/igualdad.us.es\/wpblog\/abierta-inscripcion-en-la-red-de-voluntariado-violencia-de-genero-2026\/","title":{"rendered":"Abierta inscripci\u00f3n en la Red de Voluntariado Violencia de G\u00e9nero 2026"},"content":{"rendered":"<p><strong><span style=\"color: #993366;\">Red Ciudadana de Voluntariado para la Detecci\u00f3n y Apoyo a las V\u00edctimas de Violencia de G\u00e9nero en la Universidad de Sevilla, edici\u00f3n 2026<\/span><\/strong><\/p>\n<p><span style=\"font-size: 8pt; color: #999999;\">(Propio-2026)<\/span><\/p>\n<p>Se abre una nueva convocatoria de la Red Ciudadana de Voluntariado para la Detecci\u00f3n y Apoyo a las V\u00edctimas de Violencia de G\u00e9nero en la US.<\/p>\n<h4>CONTENIDOS<\/h4>\n<ul style=\"list-style-type: circle;\">\n<li>Aspectos Conceptuales de las violencias machistas hacia las mujeres y las y los menores.<\/li>\n<li>Violencia de G\u00e9nero en las relaciones de pareja, en concreto en j\u00f3venes. Proceso de instauraci\u00f3n y mantenimiento. Consecuencias derivadas.<\/li>\n<li>Acoso sexual y por raz\u00f3n de sexo.<\/li>\n<li>C\u00f3mo actuar ante casos de violencia.<\/li>\n<li>Taller\/conferencia Violencia Psicol\u00f3gica: una realidad invisible.<\/li>\n<\/ul>\n<h4>DIRIGIDA A<\/h4>\n<ul style=\"list-style-type: circle;\">\n<li>Alumnas y alumnos matriculados en el curso actual, en una titulaci\u00f3n oficial impartida en centros propios de la Universidad de Sevilla.<\/li>\n<li>Personal Docente e Investigador (PDI) y Personal T\u00e9cnico, de Gesti\u00f3n y de Administraci\u00f3n y Servicios (PTGAS) de la Universidad de Sevilla.<\/li>\n<\/ul>\n<h4>PLAZAS<\/h4>\n<ul style=\"list-style-type: circle;\">\n<li><strong>Alumnado:<\/strong> 100 plazas<\/li>\n<li><strong>PDI\/PTGAS:<\/strong> 50 plazas (25 PDI y 25 PTGAS)<\/li>\n<\/ul>\n<h4>DURACI\u00d3N<\/h4>\n<ul style=\"list-style-type: circle;\">\n<li>Tendr\u00e1 una fase te\u00f3rica de 20 horas lectivas, en 5 sesiones de 4 horas de duraci\u00f3n y una fase pr\u00e1ctica (solo para estudiantes) de 5 horas de duraci\u00f3n.<\/li>\n<\/ul>\n<h4>+ informaci\u00f3n sobre contenidos, fechas, inscripci\u00f3n <a href=\"https:\/\/igualdad.us.es\/wpblog\/?page_id=1772\"><span style=\"color: #993366;\">pULSA Aqu\u00ed<\/span><\/a><\/h4>\n<p>&nbsp;<\/p>\n<p>&nbsp;<\/p>\n<p><a href=\"https:\/\/igualdad.us.es\/wpblog\/wp-content\/uploads\/2026\/03\/RedVoluntariadoVG-2026_Cartel.png\" target=\"_blank\" rel=\"noopener\"><img loading=\"lazy\" decoding=\"async\" class=\"aligncenter wp-image-9359 size-medium\" src=\"https:\/\/igualdad.us.es\/wpblog\/wp-content\/uploads\/2026\/03\/RedVoluntariadoVG-2026_Cartel-212x300.png\" alt=\"\" width=\"212\" height=\"300\" srcset=\"https:\/\/igualdad.us.es\/wpblog\/wp-content\/uploads\/2026\/03\/RedVoluntariadoVG-2026_Cartel-212x300.png 212w, https:\/\/igualdad.us.es\/wpblog\/wp-content\/uploads\/2026\/03\/RedVoluntariadoVG-2026_Cartel-724x1024.png 724w, https:\/\/igualdad.us.es\/wpblog\/wp-content\/uploads\/2026\/03\/RedVoluntariadoVG-2026_Cartel-768x1086.png 768w, https:\/\/igualdad.us.es\/wpblog\/wp-content\/uploads\/2026\/03\/RedVoluntariadoVG-2026_Cartel.png 1000w\" sizes=\"auto, (max-width: 212px) 100vw, 212px\" \/><\/a><\/p>\n","protected":false},"excerpt":{"rendered":"<p>hasta el 6 de abril de 2026<\/p>\n","protected":false},"author":1,"featured_media":1799,"comment_status":"closed","ping_status":"closed","sticky":false,"template":"","format":"standard","meta":{"footnotes":""},"categories":[31,39,29,25],"tags":[],"class_list":["post-9358","post","type-post","status-publish","format-standard","has-post-thumbnail","hentry","category-actividad","category-actividad-propia","category-formacion","category-formacion-propia"],"gutentor_comment":0,"_links":{"self":[{"href":"https:\/\/igualdad.us.es\/wpblog\/wp-json\/wp\/v2\/posts\/9358","targetHints":{"allow":["GET"]}}],"collection":[{"href":"https:\/\/igualdad.us.es\/wpblog\/wp-json\/wp\/v2\/posts"}],"about":[{"href":"https:\/\/igualdad.us.es\/wpblog\/wp-json\/wp\/v2\/types\/post"}],"author":[{"embeddable":true,"href":"https:\/\/igualdad.us.es\/wpblog\/wp-json\/wp\/v2\/users\/1"}],"replies":[{"embeddable":true,"href":"https:\/\/igualdad.us.es\/wpblog\/wp-json\/wp\/v2\/comments?post=9358"}],"version-history":[{"count":3,"href":"https:\/\/igualdad.us.es\/wpblog\/wp-json\/wp\/v2\/posts\/9358\/revisions"}],"predecessor-version":[{"id":9362,"href":"https:\/\/igualdad.us.es\/wpblog\/wp-json\/wp\/v2\/posts\/9358\/revisions\/9362"}],"wp:featuredmedia":[{"embeddable":true,"href":"https:\/\/igualdad.us.es\/wpblog\/wp-json\/wp\/v2\/media\/1799"}],"wp:attachment":[{"href":"https:\/\/igualdad.us.es\/wpblog\/wp-json\/wp\/v2\/media?parent=9358"}],"wp:term":[{"taxonomy":"category","embeddable":true,"href":"https:\/\/igualdad.us.es\/wpblog\/wp-json\/wp\/v2\/categories?post=9358"},{"taxonomy":"post_tag","embeddable":true,"href":"https:\/\/igualdad.us.es\/wpblog\/wp-json\/wp\/v2\/tags?post=9358"}],"curies":[{"name":"wp","href":"https:\/\/api.w.org\/{rel}","templated":true}]}}