{"id":9258,"date":"2026-02-24T13:33:42","date_gmt":"2026-02-24T12:33:42","guid":{"rendered":"https:\/\/igualdad.us.es\/wpblog\/?p=9258"},"modified":"2026-02-26T10:28:59","modified_gmt":"2026-02-26T09:28:59","slug":"ii-jornadas-universitarias-sobre-infancia-y-adolescencia-en-riesgo","status":"publish","type":"post","link":"https:\/\/igualdad.us.es\/wpblog\/ii-jornadas-universitarias-sobre-infancia-y-adolescencia-en-riesgo\/","title":{"rendered":"II Jornadas universitarias sobre infancia y adolescencia en riesgo"},"content":{"rendered":"<p><span style=\"color: #993366;\"><strong>II Jornadas Universitarias, de \u00e1mbito provincial, sobre infancia y adolescencia en riesgo. Prevenci\u00f3n, protecci\u00f3n y seguridad en el \u00e1mbito educativo y social<br \/>\n<\/strong><\/span><span style=\"color: #999999;\">(Colaboraci\u00f3n-2026)<\/span><\/p>\n<p><strong>OBJETIVOS<\/strong><\/p>\n<ul>\n<li>Identificar y analizar los riesgos a los que se enfrentan los menores en el entorno digital y la salud mental.<\/li>\n<li>Presentar estrategias y recursos para para prevenir y abordar situaciones de riego en el \u00e1mbito escolar y familiar.<\/li>\n<li>Fomentar la colaboraci\u00f3n entre instituciones centros educativos familia y profesionales de los servicios sociales para abordar los riesgos y la prevenci\u00f3n.<\/li>\n<li>Sensibilizar y concienciar y dar a conocer a la sociedad en general sobre la importancia del programa agente tutor de la polic\u00eda local para la prevenci\u00f3n y protecci\u00f3n de los menores en cualquier<\/li>\n<\/ul>\n<p><strong>CONTENIDOS ABORDADOS<\/strong><\/p>\n<ul>\n<li>Acoso escolar, Ciberacoso y otras formas de Ciber violencia. Medidas legislativas, educativas y de protecci\u00f3n<\/li>\n<li>El Programa Agente-Tutor de la Polic\u00eda Local. Plan de Informaci\u00f3n y Sensibilizaci\u00f3n.<\/li>\n<li>Seguridad vial en el \u00e1mbito educativo.<\/li>\n<li>Convivencia en el aula. Gesti\u00f3n y resoluci\u00f3n de conflictos en el aula con necesidades educativas especiales.<\/li>\n<li>La salud mental, la gesti\u00f3n emocional y la prevenci\u00f3n de conductas suicidas en el \u00e1mbito en la Infancia y la adolescencia.<\/li>\n<li>Violencia de G\u00e9nero y Violencia Vicar\u00eda.<\/li>\n<li>Menores en riesgo en el \u00e1mbito escolar. Una actuaci\u00f3n conjunta de educaci\u00f3n, servicios sociales y fuerza y cuerpos de seguridad Mesa redonda sobre Prevenci\u00f3n, Investigaci\u00f3n y la Prevenci\u00f3n de los Menores en Riesgo en el \u00e1mbito Escolar (la ley de infancia.<\/li>\n<\/ul>\n<p><strong>Organiza:<\/strong> Vicerrectorado de Bienestar, Salud, Diversidad e Igualdad y Ayuntamiento de Sevilla.<br \/>\n<strong>Fecha y lugar: <\/strong>Presencial, 17 y 18 de marzo de 2026, de 09:00h a 14:00h en el Sal\u00f3n de Actos de la Facultad de Derecho.<br \/>\n<strong>Horas:<\/strong> 10 horas.<br \/>\n<strong>Requisitos: <\/strong>Comunidad universitaria y p\u00fablico en general.<br \/>\n<strong>Plazas:<\/strong> 400<br \/>\n<strong>Inscripci\u00f3n:\u00a0<\/strong>Gratuita hasta completar aforo, previa inscripci\u00f3n en PDI en \u00a0<span style=\"color: #993366;\"><a style=\"color: #993366;\" href=\"https:\/\/forms.office.com\/e\/Uyy0wyYCRb\" target=\"_blank\" rel=\"noopener\">https:\/\/forms.office.com\/e\/rXKVtVer6g<\/a><\/span><\/p>\n<p><strong>Reconocimiento:<\/strong> Solicitado reconocimiento de 0,4 ECTS para estudiantes de la US.<\/p>\n<p><strong>Programa:<\/strong> <span style=\"color: #993366;\"><a style=\"color: #993366;\" href=\"https:\/\/igualdad.us.es\/wpblog\/wp-content\/uploads\/2026\/02\/Jornadas-Proteccion-Infancia-2026_Programa.pdf\" target=\"_blank\" rel=\"noopener\">Programa<\/a><\/span><\/p>\n<p><a href=\"https:\/\/igualdad.us.es\/wpblog\/wp-content\/uploads\/2026\/02\/Jornadas-Proteccion-Infancia-2026_cartel.png\" target=\"_blank\" rel=\"noopener\"><img loading=\"lazy\" decoding=\"async\" class=\"aligncenter wp-image-9271 size-medium\" src=\"https:\/\/igualdad.us.es\/wpblog\/wp-content\/uploads\/2026\/02\/Jornadas-Proteccion-Infancia-2026_cartel-212x300.png\" alt=\"\" width=\"212\" height=\"300\" srcset=\"https:\/\/igualdad.us.es\/wpblog\/wp-content\/uploads\/2026\/02\/Jornadas-Proteccion-Infancia-2026_cartel-212x300.png 212w, https:\/\/igualdad.us.es\/wpblog\/wp-content\/uploads\/2026\/02\/Jornadas-Proteccion-Infancia-2026_cartel-724x1024.png 724w, https:\/\/igualdad.us.es\/wpblog\/wp-content\/uploads\/2026\/02\/Jornadas-Proteccion-Infancia-2026_cartel-768x1086.png 768w, https:\/\/igualdad.us.es\/wpblog\/wp-content\/uploads\/2026\/02\/Jornadas-Proteccion-Infancia-2026_cartel.png 800w\" sizes=\"auto, (max-width: 212px) 100vw, 212px\" \/><\/a><\/p>\n","protected":false},"excerpt":{"rendered":"<p>Presencial, 17 y 18 de marzo de 2026<\/p>\n","protected":false},"author":1,"featured_media":9268,"comment_status":"closed","ping_status":"closed","sticky":false,"template":"","format":"standard","meta":{"footnotes":""},"categories":[29,25,27],"tags":[],"class_list":["post-9258","post","type-post","status-publish","format-standard","has-post-thumbnail","hentry","category-formacion","category-formacion-propia","category-noticia"],"gutentor_comment":0,"_links":{"self":[{"href":"https:\/\/igualdad.us.es\/wpblog\/wp-json\/wp\/v2\/posts\/9258","targetHints":{"allow":["GET"]}}],"collection":[{"href":"https:\/\/igualdad.us.es\/wpblog\/wp-json\/wp\/v2\/posts"}],"about":[{"href":"https:\/\/igualdad.us.es\/wpblog\/wp-json\/wp\/v2\/types\/post"}],"author":[{"embeddable":true,"href":"https:\/\/igualdad.us.es\/wpblog\/wp-json\/wp\/v2\/users\/1"}],"replies":[{"embeddable":true,"href":"https:\/\/igualdad.us.es\/wpblog\/wp-json\/wp\/v2\/comments?post=9258"}],"version-history":[{"count":8,"href":"https:\/\/igualdad.us.es\/wpblog\/wp-json\/wp\/v2\/posts\/9258\/revisions"}],"predecessor-version":[{"id":9273,"href":"https:\/\/igualdad.us.es\/wpblog\/wp-json\/wp\/v2\/posts\/9258\/revisions\/9273"}],"wp:featuredmedia":[{"embeddable":true,"href":"https:\/\/igualdad.us.es\/wpblog\/wp-json\/wp\/v2\/media\/9268"}],"wp:attachment":[{"href":"https:\/\/igualdad.us.es\/wpblog\/wp-json\/wp\/v2\/media?parent=9258"}],"wp:term":[{"taxonomy":"category","embeddable":true,"href":"https:\/\/igualdad.us.es\/wpblog\/wp-json\/wp\/v2\/categories?post=9258"},{"taxonomy":"post_tag","embeddable":true,"href":"https:\/\/igualdad.us.es\/wpblog\/wp-json\/wp\/v2\/tags?post=9258"}],"curies":[{"name":"wp","href":"https:\/\/api.w.org\/{rel}","templated":true}]}}