{"id":8885,"date":"2025-10-27T12:35:32","date_gmt":"2025-10-27T11:35:32","guid":{"rendered":"https:\/\/igualdad.us.es\/wpblog\/?p=8885"},"modified":"2025-12-15T08:37:59","modified_gmt":"2025-12-15T07:37:59","slug":"iradiando-igualdad-8x01","status":"publish","type":"post","link":"https:\/\/igualdad.us.es\/wpblog\/iradiando-igualdad-8x01\/","title":{"rendered":"iRadiando Igualdad 8&#215;01"},"content":{"rendered":"<p><strong><span style=\"color: #993366;\"><span class=\"episodioTit\">iRadiando <span style=\"color: #993366;\">Igualdad<\/span> 8&#215;01: Docencia con perspectiva de g\u00e9nero.<\/span><\/span><\/strong><br \/>\n<span style=\"color: #999999;\">(Actividad-2025)<\/span><\/p>\n<p style=\"text-align: justify;\">Empezamos nueva temporada en I-Radiando Igualdad con un tema que nos atraviesa directamente: la docencia con perspectiva de g\u00e9nero. Ya sabemos que la Universidad se caracteriza por ser un espacio para cuestionar lo establecido, pero cuando hablamos de g\u00e9nero, a\u00fan arrastramos sesgos que se filtran en los contenidos o en la interacci\u00f3n con el alumnado porque a trav\u00e9s de la docencia no solo se transmiten conocimientos, tambi\u00e9n se moldean imaginarios, y ah\u00ed es donde tenemos que cuestionarnos: \u00bfSeguimos educando de la misma forma? \u00bfO apostamos por aulas m\u00e1s libres, inclusivas y cr\u00edticas? Animadas por el poema de <strong>Dulce Chac\u00f3n<\/strong> que nos invita a emprender el vuelo, y para reflexionar sobre esto, conocemos a <strong>Catalina Sol\u00eds Ceballos, Trinidad Donoso V\u00e1zquez<\/strong> nos habla de sus investigaciones en este tema y, debatimos con <strong>B\u00e1rbara Sordi Stock y Lourdes Royo Naranjo<\/strong> que han estado trabajando en dos Gu\u00edas para promover una docencia sensible al g\u00e9nero en sus titulaciones, Derecho y Arquitectura respectivamente, que ver\u00e1n la luz muy pronto<\/p>\n<p>Y como en cada programa, comentaremos algunas noticias e iniciativas de actualidad.<\/p>\n<p style=\"padding-left: 30px; text-align: justify;\"><a href=\"https:\/\/radio.us.es\/episodio\/i-radiando-igualdad-episodio-8x01-docencia-con-perspectiva-de-genero\/\" target=\"_blank\" rel=\"noopener\"><span style=\"color: #993366;\">Esc\u00fachalo aqu\u00ed<\/span> <img loading=\"lazy\" decoding=\"async\" class=\"size-full wp-image-923 alignnone\" src=\"https:\/\/igualdad.us.es\/wpblog\/wp-content\/uploads\/2018\/05\/microfono_20x20.png\" alt=\"\" width=\"20\" height=\"26\" \/><\/a> &#8211; <a href=\"https:\/\/radio.us.es\/wp-content\/uploads\/2025\/10\/RadiUS_IradiandoIgualdad_08x01.mp3\" target=\"_blank\" rel=\"noopener\"><span style=\"color: #993366;\">Desc\u00e1rgalo aqu\u00ed<\/span> <img loading=\"lazy\" decoding=\"async\" class=\"size-full wp-image-925 alignnone\" src=\"https:\/\/igualdad.us.es\/wpblog\/wp-content\/uploads\/2018\/05\/descarga_20x20.png\" alt=\"\" width=\"20\" height=\"19\" \/><\/a><\/p>\n<p>Para el resto de programas pulsa <a href=\"https:\/\/igualdad.us.es\/?page_id=1861\"><span style=\"color: #993366;\">aqu\u00ed<\/span><\/a><\/p>\n","protected":false},"excerpt":{"rendered":"<p>Docencia con perspectiva de g\u00e9nero<\/p>\n","protected":false},"author":1,"featured_media":2082,"comment_status":"closed","ping_status":"closed","sticky":false,"template":"","format":"standard","meta":{"footnotes":""},"categories":[31,39,27],"tags":[],"class_list":["post-8885","post","type-post","status-publish","format-standard","has-post-thumbnail","hentry","category-actividad","category-actividad-propia","category-noticia"],"gutentor_comment":0,"_links":{"self":[{"href":"https:\/\/igualdad.us.es\/wpblog\/wp-json\/wp\/v2\/posts\/8885","targetHints":{"allow":["GET"]}}],"collection":[{"href":"https:\/\/igualdad.us.es\/wpblog\/wp-json\/wp\/v2\/posts"}],"about":[{"href":"https:\/\/igualdad.us.es\/wpblog\/wp-json\/wp\/v2\/types\/post"}],"author":[{"embeddable":true,"href":"https:\/\/igualdad.us.es\/wpblog\/wp-json\/wp\/v2\/users\/1"}],"replies":[{"embeddable":true,"href":"https:\/\/igualdad.us.es\/wpblog\/wp-json\/wp\/v2\/comments?post=8885"}],"version-history":[{"count":1,"href":"https:\/\/igualdad.us.es\/wpblog\/wp-json\/wp\/v2\/posts\/8885\/revisions"}],"predecessor-version":[{"id":8886,"href":"https:\/\/igualdad.us.es\/wpblog\/wp-json\/wp\/v2\/posts\/8885\/revisions\/8886"}],"wp:featuredmedia":[{"embeddable":true,"href":"https:\/\/igualdad.us.es\/wpblog\/wp-json\/wp\/v2\/media\/2082"}],"wp:attachment":[{"href":"https:\/\/igualdad.us.es\/wpblog\/wp-json\/wp\/v2\/media?parent=8885"}],"wp:term":[{"taxonomy":"category","embeddable":true,"href":"https:\/\/igualdad.us.es\/wpblog\/wp-json\/wp\/v2\/categories?post=8885"},{"taxonomy":"post_tag","embeddable":true,"href":"https:\/\/igualdad.us.es\/wpblog\/wp-json\/wp\/v2\/tags?post=8885"}],"curies":[{"name":"wp","href":"https:\/\/api.w.org\/{rel}","templated":true}]}}