{"id":8862,"date":"2025-10-21T19:01:43","date_gmt":"2025-10-21T18:01:43","guid":{"rendered":"https:\/\/igualdad.us.es\/wpblog\/?p=8862"},"modified":"2025-11-11T18:56:15","modified_gmt":"2025-11-11T17:56:15","slug":"congreso-concienciades","status":"publish","type":"post","link":"https:\/\/igualdad.us.es\/wpblog\/congreso-concienciades\/","title":{"rendered":"Congreso ConCienciades"},"content":{"rendered":"<p><span style=\"color: #993366;\"><strong>Congreso ConCienciades: creando Con-ciencia Filol\u00f3gica a trav\u00e9s de una perspectiva de g\u00e9nero<br \/>\n<\/strong><\/span><span style=\"color: #999999;\">(Iniciativa-Igualdad-2025.39)<\/span><\/p>\n<p>Este congreso quiere ser un espacio de encuentro y di\u00e1logo intergeneracional e interdisciplinar que busca fomentar la investigaci\u00f3n, la transferencia de conocimiento y la reflexi\u00f3n cr\u00edtica en el \u00e1mbito de la filolog\u00eda, incorporando de manera transversal la perspectiva de g\u00e9nero en la did\u00e1ctica.<br \/>\nEl congreso est\u00e1 abierto a estudiantes de grado, m\u00e1ster y doctorado que podr\u00e1n participar activamente mediante la presentaci\u00f3n de proyectos, ponencias y propuestas de innovaci\u00f3n en torno a la educaci\u00f3n, los estudios cl\u00e1sicos, la ling\u00fc\u00edstica, la literatura y la cultura desde una perspectiva de g\u00e9nero.<\/p>\n<p><strong>Organiza:<\/strong> F\u00e1tima Aguayo Hidalgo, Daniele Cerrato, Leopoldo Dom\u00ednguez Mac\u00edas, Marta Le\u00f3n- Castro G\u00f3mez, Mar\u00eda del Rosario Mart\u00ednez Navarro, Juan Pablo Mora Guti\u00e9rrez, profesorado de la Universidad de Sevilla (US), Grupo de Investigaci\u00f3n Escritoras y Escrituras (Hum 753).<br \/>\n<strong>Colabora:<\/strong> Unidad para la Igualdad de la US.<br \/>\n<strong>Realizaci\u00f3n:<\/strong> Presencial, 12 y 13 de noviembre de 2025. Nueva ubicaci\u00f3n Paraninfo de la Universidad de Sevilla (Edificio Rectorado, Calle San Fernando n\u00ba 4)<br \/>\n<strong>Inscripci\u00f3n: <\/strong>Acceso libre hasta completar aforo previo inscripci\u00f3n <a href=\"https:\/\/forms.cloud.microsoft\/e\/ceYkkiCFa6\" target=\"_blank\" rel=\"noopener\">aqu\u00ed<\/a>.<br \/>\n<strong>+ informaci\u00f3n:<\/strong> En el correo electr\u00f3nico <a href=\"mailto:congresoconcienciades@gmail.com\">congresoconcienciades@gmail.com<\/a><br \/>\n<strong>Publicidad: <\/strong><span style=\"color: #993366;\"><a style=\"color: #993366;\" href=\"https:\/\/igualdad.us.es\/wpblog\/wp-content\/uploads\/2025\/10\/Ayuda-2025.39_Publi-programa.pdf\" target=\"_blank\" rel=\"noopener\">Programa<\/a><\/span><\/p>\n<p><a href=\"https:\/\/igualdad.us.es\/wpblog\/actuaciones\/convocatorias-inicitivas-igualdad\/seleccionadas-2025\/\"><span style=\"color: #993366;\">Ver todas las iniciativas de igualdad<\/span><\/a><\/p>\n","protected":false},"excerpt":{"rendered":"<p>Presencial, 12 y 13 de noviembre de 2025<\/p>\n","protected":false},"author":1,"featured_media":8863,"comment_status":"closed","ping_status":"closed","sticky":false,"template":"","format":"standard","meta":{"footnotes":""},"categories":[31,29,42,26],"tags":[],"class_list":["post-8862","post","type-post","status-publish","format-standard","has-post-thumbnail","hentry","category-actividad","category-formacion","category-formacion-iniciativa","category-iniciativa-igualdad"],"gutentor_comment":0,"_links":{"self":[{"href":"https:\/\/igualdad.us.es\/wpblog\/wp-json\/wp\/v2\/posts\/8862","targetHints":{"allow":["GET"]}}],"collection":[{"href":"https:\/\/igualdad.us.es\/wpblog\/wp-json\/wp\/v2\/posts"}],"about":[{"href":"https:\/\/igualdad.us.es\/wpblog\/wp-json\/wp\/v2\/types\/post"}],"author":[{"embeddable":true,"href":"https:\/\/igualdad.us.es\/wpblog\/wp-json\/wp\/v2\/users\/1"}],"replies":[{"embeddable":true,"href":"https:\/\/igualdad.us.es\/wpblog\/wp-json\/wp\/v2\/comments?post=8862"}],"version-history":[{"count":8,"href":"https:\/\/igualdad.us.es\/wpblog\/wp-json\/wp\/v2\/posts\/8862\/revisions"}],"predecessor-version":[{"id":8920,"href":"https:\/\/igualdad.us.es\/wpblog\/wp-json\/wp\/v2\/posts\/8862\/revisions\/8920"}],"wp:featuredmedia":[{"embeddable":true,"href":"https:\/\/igualdad.us.es\/wpblog\/wp-json\/wp\/v2\/media\/8863"}],"wp:attachment":[{"href":"https:\/\/igualdad.us.es\/wpblog\/wp-json\/wp\/v2\/media?parent=8862"}],"wp:term":[{"taxonomy":"category","embeddable":true,"href":"https:\/\/igualdad.us.es\/wpblog\/wp-json\/wp\/v2\/categories?post=8862"},{"taxonomy":"post_tag","embeddable":true,"href":"https:\/\/igualdad.us.es\/wpblog\/wp-json\/wp\/v2\/tags?post=8862"}],"curies":[{"name":"wp","href":"https:\/\/api.w.org\/{rel}","templated":true}]}}