{"id":8785,"date":"2025-09-26T07:38:02","date_gmt":"2025-09-26T06:38:02","guid":{"rendered":"https:\/\/igualdad.us.es\/wpblog\/?p=8785"},"modified":"2025-10-02T10:04:05","modified_gmt":"2025-10-02T09:04:05","slug":"seminario-entrelazadas","status":"publish","type":"post","link":"https:\/\/igualdad.us.es\/wpblog\/seminario-entrelazadas\/","title":{"rendered":"Seminario Entrelazadas"},"content":{"rendered":"<p><span style=\"color: #993366;\"><strong>Seminario Entrelazadas: Mediaci\u00f3n en arquitectura, hospitalidad y nuevas sensibilidades: investigaci\u00f3n, docencia, edici\u00f3n y producci\u00f3n de ciudad <\/strong><\/span><\/p>\n<p><span style=\"color: #999999;\">(Iniciativa-Igualdad.2025-35)<\/span><\/p>\n<div class=\"v1elementToProof\" style=\"text-align: justify;\">\n<p><strong>Entrelazadas <\/strong>es un espacio de resonancias donde el emprendimiento arquitect\u00f3nico se piensa como pr\u00e1ctica situada de cuidado, sensible a lo que est\u00e1 fuera del umbral de atenci\u00f3n. Se presenta como una edici\u00f3n: una exposici\u00f3n de otras figuras, actitudes, sensibilidades y argumentos no atendidos, que nos permitan \u2014con sus convocatorias\u2014 entrelazar de forma alternativa lo que permanece preso en la tela de la Red. Un enunciado de proyectos, una clase, un libro, un documental, un paseo urbano, un pavimento o un jard\u00edn no median de manera aislada y neutra: fabrican mundos posibles, ampl\u00edan la percepci\u00f3n, activan v\u00ednculos, modulan afectos, ensayan po\u00e9ticas. Son procesos de mediaci\u00f3n que, con sus medios de exposici\u00f3n asociados, parciales y minoritarios, \u00abatan lacitos\u00bb y crean entramados que se comportan globalmente como un archipi\u00e9lago de excepciones.<\/p>\n<p>En tres sesiones consecutivas se pondr\u00e1n en com\u00fan trabajos y experiencias de mediaci\u00f3n arquitect\u00f3nica que inciden en la Ampliaci\u00f3n de los cuidados, la Ampliaci\u00f3n de las narrativas, y las problem\u00e1ticas del Liderazgo femenino vinculado a compromisos ecosociales. El seminario culmina con la Proyecci\u00f3n \/ Debate Ellas en la ciudad de Reyes Gallegos, un documental que da voz a las mujeres que impulsaron la transformaci\u00f3n de los barrios perif\u00e9ricos de Sevilla, reivindicando su papel en la construcci\u00f3n urbana, uniendo los cuidados y las luchas pol\u00edticas. Las personas invitadas compartir\u00e1n su trabajo y experiencia como parte de un ejercicio de narraci\u00f3n colectiva donde diversas pr\u00e1cticas de mediaci\u00f3n se contrastan y conectan para fomentar una sensibilidad arquitect\u00f3nica atenta, acogedora y transformadora.<\/p>\n<\/div>\n<p><strong>Organiza: <\/strong>Marta Garc\u00eda de Casasola G\u00f3mez, Paula V. \u00c1lvarez y Jos\u00e9 Ram\u00f3n Moreno, profesorado de la Universidad de Sevilla (US).<br \/>\n<strong>Colabora:<\/strong><span class=\"texto_gris\"> Unidad para la Igualdad de la US<\/span>.<br \/>\n<strong>Realizaci\u00f3n: <\/strong>Presencial, 16 y 17 de octubre de 2025, en el Sal\u00f3n de grados + Sal\u00f3n de actos de la ETS de Arquitectura de la US.<br \/>\n<strong>Inscripci\u00f3n: <\/strong>Entrada libre hasta completar aforo. Acreditable con 80% asistencia<br \/>\n<strong>Publicidad:<\/strong> <span style=\"color: #993366;\"><a style=\"color: #993366;\" href=\"https:\/\/igualdad.us.es\/wpblog\/wp-content\/uploads\/2025\/09\/Ayuda-2025.35_Publi-Cartel.jpg\" target=\"_blank\" rel=\"noopener\">Cartel<\/a> &#8211; <a style=\"color: #993366;\" href=\"https:\/\/igualdad.us.es\/wpblog\/wp-content\/uploads\/2025\/09\/Ayuda-2025.35_Publi-programa.pdf\" target=\"_blank\" rel=\"noopener\">Programa<\/a> &#8211; <a style=\"color: #993366;\" href=\"https:\/\/igualdad.us.es\/wpblog\/wp-content\/uploads\/2025\/09\/Ayuda-2025.35_Publi-Cartel-ellas-en-la-ciudad.jpg\" target=\"_blank\" rel=\"noopener\">Cartel ellas en la ciudad<\/a><\/span><\/p>\n<p><a href=\"https:\/\/igualdad.us.es\/wpblog\/actuaciones\/convocatorias-inicitivas-igualdad\/seleccionadas-2025\/\"><span style=\"color: #993366;\">Ver <span style=\"color: #993366;\">todas<\/span> las iniciativas <\/span><\/a><\/p>\n","protected":false},"excerpt":{"rendered":"<p>Presencial, 16 y 17 de octubre de 2025<\/p>\n","protected":false},"author":1,"featured_media":8786,"comment_status":"closed","ping_status":"closed","sticky":false,"template":"","format":"standard","meta":{"footnotes":""},"categories":[31,29,42,26],"tags":[],"class_list":["post-8785","post","type-post","status-publish","format-standard","has-post-thumbnail","hentry","category-actividad","category-formacion","category-formacion-iniciativa","category-iniciativa-igualdad"],"gutentor_comment":0,"_links":{"self":[{"href":"https:\/\/igualdad.us.es\/wpblog\/wp-json\/wp\/v2\/posts\/8785","targetHints":{"allow":["GET"]}}],"collection":[{"href":"https:\/\/igualdad.us.es\/wpblog\/wp-json\/wp\/v2\/posts"}],"about":[{"href":"https:\/\/igualdad.us.es\/wpblog\/wp-json\/wp\/v2\/types\/post"}],"author":[{"embeddable":true,"href":"https:\/\/igualdad.us.es\/wpblog\/wp-json\/wp\/v2\/users\/1"}],"replies":[{"embeddable":true,"href":"https:\/\/igualdad.us.es\/wpblog\/wp-json\/wp\/v2\/comments?post=8785"}],"version-history":[{"count":4,"href":"https:\/\/igualdad.us.es\/wpblog\/wp-json\/wp\/v2\/posts\/8785\/revisions"}],"predecessor-version":[{"id":8803,"href":"https:\/\/igualdad.us.es\/wpblog\/wp-json\/wp\/v2\/posts\/8785\/revisions\/8803"}],"wp:featuredmedia":[{"embeddable":true,"href":"https:\/\/igualdad.us.es\/wpblog\/wp-json\/wp\/v2\/media\/8786"}],"wp:attachment":[{"href":"https:\/\/igualdad.us.es\/wpblog\/wp-json\/wp\/v2\/media?parent=8785"}],"wp:term":[{"taxonomy":"category","embeddable":true,"href":"https:\/\/igualdad.us.es\/wpblog\/wp-json\/wp\/v2\/categories?post=8785"},{"taxonomy":"post_tag","embeddable":true,"href":"https:\/\/igualdad.us.es\/wpblog\/wp-json\/wp\/v2\/tags?post=8785"}],"curies":[{"name":"wp","href":"https:\/\/api.w.org\/{rel}","templated":true}]}}