{"id":8776,"date":"2025-09-25T19:05:19","date_gmt":"2025-09-25T18:05:19","guid":{"rendered":"https:\/\/igualdad.us.es\/wpblog\/?p=8776"},"modified":"2025-09-25T19:05:19","modified_gmt":"2025-09-25T18:05:19","slug":"seminario-mujeres-trabajadoras-y-migrantes","status":"publish","type":"post","link":"https:\/\/igualdad.us.es\/wpblog\/seminario-mujeres-trabajadoras-y-migrantes\/","title":{"rendered":"Seminario Mujeres, trabajadoras y migrantes"},"content":{"rendered":"<p><span style=\"color: #993366;\"><strong>VI Seminario de Historia del Trabajo con perspectiva de g\u00e9nero \u00abMujeres, trabajadoras y migrantes. Debates entre el pasado y el presente\u00bb. <\/strong><\/span><\/p>\n<p><span style=\"color: #999999;\">(Iniciativa-Igualdad.2025-36)<\/span><\/p>\n<div class=\"v1elementToProof\" style=\"text-align: justify;\">El seminario aborda la historia y el presente de las mujeres y el trabajo, esta vez desde la perspectiva de las trabajadoras migrantes. Como sabemos, las mujeres espa\u00f1olas han emigrado a lo largo de los siglos XIX y XX y hasta hoy, a otros pa\u00edses y tambi\u00e9n dentro de Espa\u00f1a. De igual forma, miles de mujeres procedentes de muy diversos pa\u00edses han llegado a Espa\u00f1a a trabajar y forman parte de nuestra sociedad actual \u00bfcu\u00e1les son sus principales problem\u00e1ticas y reivindicaciones? \u00bfqu\u00e9 retos afrontamos junt@s de cara al futuro?<\/div>\n<div><\/div>\n<div class=\"v1elementToProof\" style=\"text-align: justify;\">Entre el 6 y 7 de octubre analizamos estas situaciones en la Facultad de Ciencias del Trabajo de la Universidad de Sevilla.<\/div>\n<p><strong>Organiza: <\/strong>Alicia Gil L\u00e1zaro, Francisco Bernal Garc\u00eda y Marcial S\u00e1nchez Mosquera, profesorado de la Universidad de Sevilla (US).<br \/>\n<strong>Colabora:<\/strong><span class=\"texto_gris\"> Unidad para la Igualdad de la US<\/span>.<br \/>\n<strong>Realizaci\u00f3n: <\/strong>Presencial, 6 y 7 de octubre de 2025, en el Sal\u00f3n de Grados de la Facultad de Ciencias del Trabajo de la US.<br \/>\n<strong>Inscripci\u00f3n:<\/strong> Gratuita y hasta agotar plazas, previa inscripci\u00f3n <a href=\"https:\/\/forms.gle\/G3Sv69k8VN1oVM2JA\" target=\"_blank\" rel=\"noopener\"><span style=\"color: #993366;\">aqu\u00ed<\/span><\/a><br \/>\n<strong>Publicidad:<\/strong> <span style=\"color: #993366;\"><a style=\"color: #993366;\" href=\"https:\/\/igualdad.us.es\/wpblog\/wp-content\/uploads\/2025\/09\/Ayuda-2025.36_Publi-cartel.pdf\" target=\"_blank\" rel=\"noopener\">Cartel<\/a>&#8211; <a href=\"https:\/\/igualdad.us.es\/wpblog\/wp-content\/uploads\/2025\/09\/Ayuda-2025.36_Publi-programa.pdf\" target=\"_blank\" rel=\"noopener\"><span style=\"color: #993366;\">Programa<\/span><\/a><\/span><\/p>\n<p><a href=\"https:\/\/igualdad.us.es\/wpblog\/actuaciones\/convocatorias-inicitivas-igualdad\/seleccionadas-2025\/\"><span style=\"color: #993366;\">Ver <span style=\"color: #993366;\">todas<\/span> las iniciativas <\/span><\/a><\/p>\n","protected":false},"excerpt":{"rendered":"<p>Presencial, 6 y 7 de octubre de 2025<\/p>\n","protected":false},"author":1,"featured_media":8777,"comment_status":"closed","ping_status":"closed","sticky":false,"template":"","format":"standard","meta":{"footnotes":""},"categories":[31,29,42,26],"tags":[],"class_list":["post-8776","post","type-post","status-publish","format-standard","has-post-thumbnail","hentry","category-actividad","category-formacion","category-formacion-iniciativa","category-iniciativa-igualdad"],"gutentor_comment":0,"_links":{"self":[{"href":"https:\/\/igualdad.us.es\/wpblog\/wp-json\/wp\/v2\/posts\/8776","targetHints":{"allow":["GET"]}}],"collection":[{"href":"https:\/\/igualdad.us.es\/wpblog\/wp-json\/wp\/v2\/posts"}],"about":[{"href":"https:\/\/igualdad.us.es\/wpblog\/wp-json\/wp\/v2\/types\/post"}],"author":[{"embeddable":true,"href":"https:\/\/igualdad.us.es\/wpblog\/wp-json\/wp\/v2\/users\/1"}],"replies":[{"embeddable":true,"href":"https:\/\/igualdad.us.es\/wpblog\/wp-json\/wp\/v2\/comments?post=8776"}],"version-history":[{"count":2,"href":"https:\/\/igualdad.us.es\/wpblog\/wp-json\/wp\/v2\/posts\/8776\/revisions"}],"predecessor-version":[{"id":8781,"href":"https:\/\/igualdad.us.es\/wpblog\/wp-json\/wp\/v2\/posts\/8776\/revisions\/8781"}],"wp:featuredmedia":[{"embeddable":true,"href":"https:\/\/igualdad.us.es\/wpblog\/wp-json\/wp\/v2\/media\/8777"}],"wp:attachment":[{"href":"https:\/\/igualdad.us.es\/wpblog\/wp-json\/wp\/v2\/media?parent=8776"}],"wp:term":[{"taxonomy":"category","embeddable":true,"href":"https:\/\/igualdad.us.es\/wpblog\/wp-json\/wp\/v2\/categories?post=8776"},{"taxonomy":"post_tag","embeddable":true,"href":"https:\/\/igualdad.us.es\/wpblog\/wp-json\/wp\/v2\/tags?post=8776"}],"curies":[{"name":"wp","href":"https:\/\/api.w.org\/{rel}","templated":true}]}}