{"id":8740,"date":"2025-09-22T10:52:59","date_gmt":"2025-09-22T09:52:59","guid":{"rendered":"https:\/\/igualdad.us.es\/wpblog\/?p=8740"},"modified":"2025-09-22T10:53:40","modified_gmt":"2025-09-22T09:53:40","slug":"seminario-videojuegos-en-femenino-2","status":"publish","type":"post","link":"https:\/\/igualdad.us.es\/wpblog\/seminario-videojuegos-en-femenino-2\/","title":{"rendered":"Seminario Videojuegos en femenino"},"content":{"rendered":"<p><span style=\"color: #993366;\"><strong>Seminario Videojuegos en femenino: Una mirada educativa de g\u00e9nero a la representaci\u00f3n femenina en la industria<br \/>\n<\/strong><\/span><span style=\"color: #999999;\">(Iniciativa-Igualdad.2025-1)<\/span><\/p>\n<div class=\"v1elementToProof\" style=\"text-align: justify;\">En este seminario, se pretende sensibilizar y formar desde una perspectiva te\u00f3rico-pr\u00e1ctica en materia de igualdad de g\u00e9nero. Nuestra iniciativa se dirige especialmente al alumnado de los Grados y M\u00e1steres de la Universidad de Sevilla orientados hacia el \u00e1mbito educativo. La escuela es el principal motor de cambio hacia una sociedad y cultura m\u00e1s justas e igualitarias, pero para ello, necesitamos de profesionales de la educaci\u00f3n con la adecuada preparaci\u00f3n, formaci\u00f3n y compromiso en la lucha feminista. Este seminario anima a reflexionar sobre qu\u00e9 valores de g\u00e9nero se transmiten desde la mayor industria de entretenimiento que tenemos actualmente: los videojuegos. En el seminario se abordan las consecuencias que los patrones sexistas perpetuados a trav\u00e9s del sector de los videojuegos pueden tener en la construcci\u00f3n de las identidades de ni\u00f1os y ni\u00f1as y j\u00f3venes jugadores, y se discuten sugerencias pr\u00e1cticas para para abordar el problema desde la escuela y la industria del videojuego.<\/div>\n<p><strong>Organiza: <\/strong>Virginia Guichot Reina, profesora de la Universidad de Sevilla (US).<br \/>\n<strong>Colabora:<\/strong><span class=\"texto_gris\"> Unidad para la Igualdad de la US<\/span>.<br \/>\n<strong>Realizaci\u00f3n: <\/strong>Presencial, 20 y 27 de octubre de 2025, en la Facultad de Ciencias de la Educaci\u00f3n de la US.<br \/>\n<strong>Inscripci\u00f3n:<\/strong> Gratuita y hasta agotar plazas, previa inscripci\u00f3n <a href=\"https:\/\/forms.gle\/u6cegMBB8zmXurmG7\" target=\"_blank\" rel=\"noopener\"><span style=\"color: #993366;\">aqu\u00ed<\/span><\/a><br \/>\n<strong>+ Informaci\u00f3n: <\/strong><span style=\"color: #993366;\"><a style=\"color: #993366;\" href=\"mailto:guichot@us.es\">guichot@us.es<\/a>\u00a0<\/span><br \/>\n<strong>Publicidad:<\/strong> <span style=\"color: #993366;\"><a style=\"color: #993366;\" href=\"https:\/\/igualdad.us.es\/wpblog\/wp-content\/uploads\/2025\/09\/Ayuda-2025.1_Publi-cartel.pdf\" target=\"_blank\" rel=\"noopener\">Cartel<\/a> &#8211; <a style=\"color: #993366;\" href=\"https:\/\/igualdad.us.es\/wpblog\/wp-content\/uploads\/2025\/09\/Ayuda-2025.1_Publi-Programa.pdf\" target=\"_blank\" rel=\"noopener\">Programa<\/a><\/span><br \/>\n<a href=\"https:\/\/igualdad.us.es\/wpblog\/actuaciones\/convocatorias-inicitivas-igualdad\/seleccionadas-2025\/\"><span style=\"color: #993366;\">Ver <span style=\"color: #993366;\">todas<\/span> las iniciativas <\/span><\/a><\/p>\n","protected":false},"excerpt":{"rendered":"<p>Presencial, 20 y 27 de octubre de 2025<\/p>\n","protected":false},"author":1,"featured_media":8741,"comment_status":"closed","ping_status":"closed","sticky":false,"template":"","format":"standard","meta":{"footnotes":""},"categories":[31,29,42,26],"tags":[],"class_list":["post-8740","post","type-post","status-publish","format-standard","has-post-thumbnail","hentry","category-actividad","category-formacion","category-formacion-iniciativa","category-iniciativa-igualdad"],"gutentor_comment":0,"_links":{"self":[{"href":"https:\/\/igualdad.us.es\/wpblog\/wp-json\/wp\/v2\/posts\/8740","targetHints":{"allow":["GET"]}}],"collection":[{"href":"https:\/\/igualdad.us.es\/wpblog\/wp-json\/wp\/v2\/posts"}],"about":[{"href":"https:\/\/igualdad.us.es\/wpblog\/wp-json\/wp\/v2\/types\/post"}],"author":[{"embeddable":true,"href":"https:\/\/igualdad.us.es\/wpblog\/wp-json\/wp\/v2\/users\/1"}],"replies":[{"embeddable":true,"href":"https:\/\/igualdad.us.es\/wpblog\/wp-json\/wp\/v2\/comments?post=8740"}],"version-history":[{"count":2,"href":"https:\/\/igualdad.us.es\/wpblog\/wp-json\/wp\/v2\/posts\/8740\/revisions"}],"predecessor-version":[{"id":8745,"href":"https:\/\/igualdad.us.es\/wpblog\/wp-json\/wp\/v2\/posts\/8740\/revisions\/8745"}],"wp:featuredmedia":[{"embeddable":true,"href":"https:\/\/igualdad.us.es\/wpblog\/wp-json\/wp\/v2\/media\/8741"}],"wp:attachment":[{"href":"https:\/\/igualdad.us.es\/wpblog\/wp-json\/wp\/v2\/media?parent=8740"}],"wp:term":[{"taxonomy":"category","embeddable":true,"href":"https:\/\/igualdad.us.es\/wpblog\/wp-json\/wp\/v2\/categories?post=8740"},{"taxonomy":"post_tag","embeddable":true,"href":"https:\/\/igualdad.us.es\/wpblog\/wp-json\/wp\/v2\/tags?post=8740"}],"curies":[{"name":"wp","href":"https:\/\/api.w.org\/{rel}","templated":true}]}}