{"id":8477,"date":"2025-03-27T13:48:25","date_gmt":"2025-03-27T12:48:25","guid":{"rendered":"https:\/\/igualdad.us.es\/wpblog\/?p=8477"},"modified":"2025-06-10T11:49:57","modified_gmt":"2025-06-10T10:49:57","slug":"bailando-la-igualdad-por-sevillanas","status":"publish","type":"post","link":"https:\/\/igualdad.us.es\/wpblog\/bailando-la-igualdad-por-sevillanas\/","title":{"rendered":"Bailando la Igualdad por Sevillanas"},"content":{"rendered":"<p><span style=\"color: #7030a0;\"><strong>Bailando la Igualdad por Sevillanas<\/strong><\/span><\/p>\n<p><span style=\"font-size: 8pt; color: #999999;\">(Propio-2025)<\/span><\/p>\n<p style=\"text-align: justify;\">La m\u00fasica, el baile, mueve nuestras emociones y con ellas nuestras creencias. Bailar, cantar son formas de expresi\u00f3n de nuestras creencias, son medios para reivindicar nuestros valores, para celebrar el camino comunitario hacia una vida m\u00e1s justa, saludable e igualitaria.<\/p>\n<p style=\"text-align: justify;\">En la cercan\u00eda de la Feria de Sevilla, esa fiesta tan nuestra, nos valemos del cante y baile por sevillanas para reivindicar la igualdad, en la universidad y en la sociedad.<\/p>\n<p style=\"text-align: justify;\">Invitamos a la comunidad universitaria de la US a despertar ese duende y escribir unas letras feministas de sevillanas que podamos cantar y bailar celebrando nuestro compromiso igualitario.<\/p>\n<h2 style=\"text-align: center;\"><span style=\"font-family: comic sans ms, sans-serif; color: #7030a0;\"><strong><span style=\"color: #7030a0;\">\u00a1Comparte<\/span> tu arte!<\/strong><\/span><\/h2>\n<p style=\"text-align: justify;\">M\u00e1ndanos la grabaci\u00f3n de unas sevillanas con letra igualitaria<\/p>\n<ul style=\"text-align: justify;\">\n<li>La <strong>letra y m\u00fasica <\/strong>debe ser en formato <strong>mp3<\/strong><\/li>\n<li><strong>Plazo de env\u00edo<\/strong> de la letra y m\u00fasica: <strong>hasta <del>el 21 de abril<\/del> de 2025 <span style=\"font-size: 14pt;\">AMPLIADO HASTA EL 23 DE ABRIL<\/span><\/strong><\/li>\n<li><strong>Formulario para enviar tus sevillanas igualitarias<\/strong>: <a href=\"https:\/\/forms.office.com\/e\/gAT0HhQnd7\">https:\/\/forms.office.com\/e\/gAT0HhQnd7<\/a><\/li>\n<\/ul>\n<p style=\"text-align: justify;\">Esta propuesta se puede realizar en grupo. Para la inscripci\u00f3n, solo se requieren los datos de una persona de la US. Si tus sevillanas son seleccionadas nos pondremos en contacto para que nos des los datos de todas las personas participantes.<\/p>\n<p style=\"text-align: justify;\">Si hay muchas propuestas se <strong>seleccionar\u00e1n<\/strong> seg\u00fan:<\/p>\n<ul style=\"text-align: justify;\">\n<li>El contenido igualitario de las letras.<\/li>\n<li>La capacidad de sensibilizaci\u00f3n.<\/li>\n<li>Comp\u00e1s y calidad musical.<\/li>\n<\/ul>\n<p style=\"text-align: justify;\">Las<strong>\u00a0sevillanas seleccionadas<\/strong>\u00a0se difundir\u00e1n en Radius y redes sociales de la\u00a0US y se cantar\u00e1n y bailar\u00e1n en el\u00a0<strong>baile comunitario<\/strong>\u00a0el\u00a0<strong>29 de abril de 2025,\u00a0<\/strong>a las 18h, en la Puerta de la Fama del Rectorado de la US. ATENCI\u00d3N: CANCELADA LA ACTIVIDAD DEL 29 DE ABRIL POR LA SITUACI\u00d3N SOBREVENIDA DEL 28 DE ABRIL<\/p>\n<p>&nbsp;<\/p>\n<p><a href=\"https:\/\/igualdad.us.es\/wpblog\/wp-content\/uploads\/2025\/03\/Bailando-la-Igualdad-por-Sevillanas-2025_cartel.png\" target=\"_blank\" rel=\"noopener\"><img loading=\"lazy\" decoding=\"async\" class=\"aligncenter wp-image-8479 size-large\" src=\"https:\/\/igualdad.us.es\/wpblog\/wp-content\/uploads\/2025\/03\/Bailando-la-Igualdad-por-Sevillanas-2025_cartel-1024x576.png\" alt=\"Cartel\" width=\"640\" height=\"360\" srcset=\"https:\/\/igualdad.us.es\/wpblog\/wp-content\/uploads\/2025\/03\/Bailando-la-Igualdad-por-Sevillanas-2025_cartel-1024x576.png 1024w, https:\/\/igualdad.us.es\/wpblog\/wp-content\/uploads\/2025\/03\/Bailando-la-Igualdad-por-Sevillanas-2025_cartel-300x169.png 300w, https:\/\/igualdad.us.es\/wpblog\/wp-content\/uploads\/2025\/03\/Bailando-la-Igualdad-por-Sevillanas-2025_cartel-768x432.png 768w, https:\/\/igualdad.us.es\/wpblog\/wp-content\/uploads\/2025\/03\/Bailando-la-Igualdad-por-Sevillanas-2025_cartel.png 1280w\" sizes=\"auto, (max-width: 640px) 100vw, 640px\" \/><\/a><\/p>\n<p>&nbsp;<\/p>\n<h3><strong><span style=\"color: #7030a0;\">las sevillanas igualitarias<\/span> <\/strong><\/h3>\n<ul>\n<li><span style=\"font-size: 12pt;\">Sevillanas <\/span><span style=\"color: #7030a0;\"><b><span style=\"font-size: 12pt;\">JUNTO A TODAS LAS MUJERES<\/span> <\/b><\/span><\/li>\n<\/ul>\n<figure id=\"attachment_8546\" aria-describedby=\"caption-attachment-8546\" style=\"width: 150px\" class=\"wp-caption alignleft\"><a href=\"https:\/\/igualdad.us.es\/wpblog\/wp-content\/uploads\/2025\/03\/Bailando-la-Igualdad-por-Sevillanas-2025_Sevillana-Igualitaria-letra_JUNTO-A-TODAS-LAS-MUJER.png\" target=\"_blank\" rel=\"noopener\"><img loading=\"lazy\" decoding=\"async\" class=\"wp-image-8546 size-thumbnail\" src=\"https:\/\/igualdad.us.es\/wpblog\/wp-content\/uploads\/2025\/03\/Bailando-la-Igualdad-por-Sevillanas-2025_Sevillana-Igualitaria-letra_JUNTO-A-TODAS-LAS-MUJER-150x150.png\" alt=\"\" width=\"150\" height=\"150\" \/><\/a><figcaption id=\"caption-attachment-8546\" class=\"wp-caption-text\"><span style=\"font-size: 10pt;\">Pulsa para ver la letra<\/span><\/figcaption><\/figure>\n<p style=\"padding-left: 120px;\"><a href=\"https:\/\/uses0-my.sharepoint.com\/:u:\/g\/personal\/igualdadweb_us_es\/ETG7mFgtBPVOnJkHlxR_FgQBd4XVZOy8qKYqQE3sc-q2tw?nav=eyJyZWZlcnJhbEluZm8iOnsicmVmZXJyYWxBcHAiOiJTdHJlYW1XZWJBcHAiLCJyZWZlcnJhbFZpZXciOiJTaGFyZURpYWxvZy1MaW5rIiwicmVmZXJyYWxBcHBQbGF0Zm9ybSI6IldlYiIsInJlZmVycmFsTW9kZSI6InZpZXcifX0%3D&amp;e=aJvdsd\" target=\"_blank\" rel=\"noopener\"><span style=\"text-decoration: underline;\"><span style=\"font-size: 12pt;\">Esc\u00fachala o desc\u00e1rgala pulsando aqu\u00ed<\/span><\/span><\/a><\/p>\n<p>&nbsp;<\/p>\n<p style=\"padding-left: 120px;\"><span style=\"text-decoration: underline;\">Letra:<\/span> Mar\u00eda Dolores Zambruno Mu\u00f1oz (PTGAS\u00a0 de la US)<br \/>\n<span style=\"text-decoration: underline;\">En colaboraci\u00f3n con:<\/span> Trinidad Garc\u00eda Garc\u00eda y Pedro Mu\u00f1oz Sierra<\/p>\n<p>&nbsp;<\/p>\n<ul>\n<li><span style=\"font-size: 12pt;\">Sevillanas <b><span style=\"color: #7030a0;\">CON UN MANT\u00d3N POR BANDERA<\/span> <\/b><\/span><\/li>\n<\/ul>\n<figure id=\"attachment_8545\" aria-describedby=\"caption-attachment-8545\" style=\"width: 150px\" class=\"wp-caption alignleft\"><a href=\"https:\/\/igualdad.us.es\/wpblog\/wp-content\/uploads\/2025\/03\/Bailando-la-Igualdad-por-Sevillanas-2025_Sevillana-Igualitaria-letra_CON-UN-MANTON-POR-BANDERA.png\" target=\"_blank\" rel=\"noopener\"><img loading=\"lazy\" decoding=\"async\" class=\"wp-image-8545 size-thumbnail\" src=\"https:\/\/igualdad.us.es\/wpblog\/wp-content\/uploads\/2025\/03\/Bailando-la-Igualdad-por-Sevillanas-2025_Sevillana-Igualitaria-letra_CON-UN-MANTON-POR-BANDERA-150x150.png\" alt=\"\" width=\"150\" height=\"150\" \/><\/a><figcaption id=\"caption-attachment-8545\" class=\"wp-caption-text\"><span style=\"font-size: 10pt;\">Pulsa para ver la letra<\/span><\/figcaption><\/figure>\n<p><a href=\"https:\/\/uses0-my.sharepoint.com\/:u:\/g\/personal\/igualdadweb_us_es\/EUoRYPuY2btKm1f4hzByLTkBk-I4uJh42R9xi-HrCZmPQw?nav=eyJyZWZlcnJhbEluZm8iOnsicmVmZXJyYWxBcHAiOiJTdHJlYW1XZWJBcHAiLCJyZWZlcnJhbFZpZXciOiJTaGFyZURpYWxvZy1MaW5rIiwicmVmZXJyYWxBcHBQbGF0Zm9ybSI6IldlYiIsInJlZmVycmFsTW9kZSI6InZpZXcifX0%3D&amp;e=j7sAto\" target=\"_blank\" rel=\"noopener\"><span style=\"font-size: 12pt;\">Esc\u00fachala o desc\u00e1rgala pulsando aqu\u00ed<\/span><\/a><\/p>\n<p>&nbsp;<\/p>\n<p style=\"padding-left: 120px;\"><span style=\"text-decoration: underline;\">Letra:<\/span> Bella Belmonte<br \/>\n<span style=\"text-decoration: underline;\">M\u00fasica:<\/span> Jos\u00e9 Mu\u00f1oz, Ni\u00f1o la Isla<br \/>\n<span style=\"text-decoration: underline;\">Creativa e Ideas: <\/span>Rafael Jim\u00e9nez Cano (PTGAS de la US)<\/p>\n<p>&nbsp;<\/p>\n<p>&nbsp;<\/p>\n<h3><strong><span style=\"color: #7030a0;\">v\u00eddeos bailando la igualdad por sevillanas<\/span><\/strong><\/h3>\n<p><iframe loading=\"lazy\" title=\"Junto a todas las mujeres - Bailando la Igualdad por sevillanas\" width=\"640\" height=\"360\" src=\"https:\/\/www.youtube.com\/embed\/3mEmG6nAdN4?feature=oembed\" frameborder=\"0\" allow=\"accelerometer; autoplay; clipboard-write; encrypted-media; gyroscope; picture-in-picture; web-share\" referrerpolicy=\"strict-origin-when-cross-origin\" allowfullscreen><\/iframe><\/p>\n<p>&nbsp;<\/p>\n<p><iframe loading=\"lazy\" title=\"Un mant\u00f3n por bandera - Bailando la Igualdad por sevillanas\" width=\"640\" height=\"360\" src=\"https:\/\/www.youtube.com\/embed\/F0S1wZ-03fM?feature=oembed\" frameborder=\"0\" allow=\"accelerometer; autoplay; clipboard-write; encrypted-media; gyroscope; picture-in-picture; web-share\" referrerpolicy=\"strict-origin-when-cross-origin\" allowfullscreen><\/iframe><\/p>\n","protected":false},"excerpt":{"rendered":"<p>.<\/p>\n","protected":false},"author":1,"featured_media":8480,"comment_status":"closed","ping_status":"closed","sticky":false,"template":"","format":"standard","meta":{"footnotes":""},"categories":[31,39,25,27],"tags":[],"class_list":["post-8477","post","type-post","status-publish","format-standard","has-post-thumbnail","hentry","category-actividad","category-actividad-propia","category-formacion-propia","category-noticia"],"gutentor_comment":0,"_links":{"self":[{"href":"https:\/\/igualdad.us.es\/wpblog\/wp-json\/wp\/v2\/posts\/8477","targetHints":{"allow":["GET"]}}],"collection":[{"href":"https:\/\/igualdad.us.es\/wpblog\/wp-json\/wp\/v2\/posts"}],"about":[{"href":"https:\/\/igualdad.us.es\/wpblog\/wp-json\/wp\/v2\/types\/post"}],"author":[{"embeddable":true,"href":"https:\/\/igualdad.us.es\/wpblog\/wp-json\/wp\/v2\/users\/1"}],"replies":[{"embeddable":true,"href":"https:\/\/igualdad.us.es\/wpblog\/wp-json\/wp\/v2\/comments?post=8477"}],"version-history":[{"count":20,"href":"https:\/\/igualdad.us.es\/wpblog\/wp-json\/wp\/v2\/posts\/8477\/revisions"}],"predecessor-version":[{"id":8564,"href":"https:\/\/igualdad.us.es\/wpblog\/wp-json\/wp\/v2\/posts\/8477\/revisions\/8564"}],"wp:featuredmedia":[{"embeddable":true,"href":"https:\/\/igualdad.us.es\/wpblog\/wp-json\/wp\/v2\/media\/8480"}],"wp:attachment":[{"href":"https:\/\/igualdad.us.es\/wpblog\/wp-json\/wp\/v2\/media?parent=8477"}],"wp:term":[{"taxonomy":"category","embeddable":true,"href":"https:\/\/igualdad.us.es\/wpblog\/wp-json\/wp\/v2\/categories?post=8477"},{"taxonomy":"post_tag","embeddable":true,"href":"https:\/\/igualdad.us.es\/wpblog\/wp-json\/wp\/v2\/tags?post=8477"}],"curies":[{"name":"wp","href":"https:\/\/api.w.org\/{rel}","templated":true}]}}