{"id":7845,"date":"2024-11-20T11:24:44","date_gmt":"2024-11-20T10:24:44","guid":{"rendered":"https:\/\/igualdad.us.es\/wpblog\/?p=7845"},"modified":"2024-11-25T07:53:34","modified_gmt":"2024-11-25T06:53:34","slug":"campana-25n-2024-la-us-por-la-eliminacion-violencia-contra-las-mujeres","status":"publish","type":"post","link":"https:\/\/igualdad.us.es\/wpblog\/campana-25n-2024-la-us-por-la-eliminacion-violencia-contra-las-mujeres\/","title":{"rendered":"Campa\u00f1a 25N-2024 La US por la eliminaci\u00f3n de la Violencia contra las Mujeres"},"content":{"rendered":"<p><strong><span style=\"color: #993366;\">25N D\u00eda Internacional de la Eliminaci\u00f3n de la Violencia contra las Mujeres<\/span><\/strong><br \/>\n<span style=\"color: #999999;\">(Campa\u00f1as-2024)<\/span><\/p>\n<p style=\"text-align: justify;\">En el mes de noviembre se conmemora el <strong>25N,\u00a0D\u00eda Internacional de la Eliminaci\u00f3n de la Violencia contra las Mujeres<\/strong>. Seg\u00fan <strong><a href=\"https:\/\/www.unwomen.org\/es\" target=\"_blank\" rel=\"noopener\">ONU Mujeres<\/a><\/strong>, la violencia contra las mujeres y las ni\u00f1as sigue siendo la violaci\u00f3n de los derechos humanos m\u00e1s extendida de todo el mundo. Se estima que 736\u202fmillones de mujeres \u2014casi una de cada tres\u2014 han sufrido violencia f\u00edsica o sexual por parte de la pareja, violencia sexual fuera de la pareja, o ambas formas, al menos una vez en su vida. M\u00e1s de cuatro de cada cinco mujeres y ni\u00f1as (el 86%) viven en pa\u00edses sin una s\u00f3lida protecci\u00f3n legal o en pa\u00edses que no disponen f\u00e1cilmente de los datos.<\/p>\n<p>Ning\u00fan pa\u00eds est\u00e1 cerca de erradicar la violencia infligida por la pareja. Pese a la dimensi\u00f3n del problema y a estas tendencias preocupantes, los compromisos econ\u00f3micos para prevenir la violencia siguen siendo limitados.En consonancia con los Objetivos de Desarrollo Sostenible, resulta fundamental invertir en la prevenci\u00f3n de la violencia contra las mujeres y las ni\u00f1as para lograr la igualdad de g\u00e9nero de aqu\u00ed a 2030.<\/p>\n<p style=\"text-align: justify;\">La <strong>Universidad de Sevilla<\/strong>, se suma a la conmemoraci\u00f3n de este d\u00eda con el lema \u00ab<span style=\"color: #9634f7;\"><strong>La US por la eliminaci\u00f3n de la Violencia contra las Mujeres<\/strong><\/span>\u00ab, realizando un acto el <strong>25 de noviembre, a las 17:45h en la Puerta de la Fama<\/strong> del Rectorado, en c\/ San Fernando 4, y consistir\u00e1 en:<\/p>\n<ul style=\"list-style-type: circle;\">\n<li style=\"text-align: justify;\"><strong>Saludo y palabras del Rector.<\/strong><\/li>\n<li style=\"text-align: justify;\"><strong>Canci\u00f3n.<\/strong><\/li>\n<li style=\"text-align: justify;\"><strong>Lectura de Manifiesto.<\/strong><\/li>\n<li style=\"text-align: justify;\"><strong>Construcci\u00f3n de un lazo en estructura a la que se ir\u00e1n anudando lazos rojos y violetas, mientras se canta.<\/strong><\/li>\n<li style=\"text-align: justify;\"><strong>Alumbrado en violeta de la puerta de la Fama.<\/strong><\/li>\n<li><strong>Palabras de la Vicerrectora de SSCSIC.<\/strong><\/li>\n<\/ul>\n<p>Se distribuir\u00e1n lazos y las letras de las canciones para que quienes asistan al acto puedan cantarlas.<\/p>\n<p>Canta: Alejandra Castellanos Luna y Luc\u00eda Afanador Zambrano<\/p>\n<p><a href=\"https:\/\/igualdad.us.es\/wpblog\/wp-content\/uploads\/2024\/11\/Campana-25N-2024_Manifesto-CRUE.pdf\" target=\"_blank\" rel=\"noopener\">Manifiesto de la Conferencia de Rectores y Rectoras de las Universidades Espa\u00f1olas (CRUE)<\/a><\/p>\n<p><a href=\"https:\/\/igualdad.us.es\/wpblog\/wp-content\/uploads\/2024\/11\/Campana-25N-2024_Manifesto-RUIGEU.pdf\" target=\"_blank\" rel=\"noopener\">Manifiesto de la Red de Unidades de Igualdad de G\u00e9nero para la Excelencia Universitaria (RUIGEU)<\/a><\/p>\n<h3 style=\"text-align: center;\"><span style=\"color: #cc99ff;\">\u00a1\u00a1 Esperamos vuestra presencia !!<\/span><\/h3>\n<p><a href=\"https:\/\/igualdad.us.es\/wpblog\/wp-content\/uploads\/2024\/11\/Campana-25N-2024_Cartel.png\" target=\"_blank\" rel=\"noopener\"><img loading=\"lazy\" decoding=\"async\" class=\"aligncenter wp-image-7861 size-large\" src=\"https:\/\/igualdad.us.es\/wpblog\/wp-content\/uploads\/2024\/11\/Campana-25N-2024_Cartel-1024x576.png\" alt=\"cartel del 25N 2024\" width=\"640\" height=\"360\" srcset=\"https:\/\/igualdad.us.es\/wpblog\/wp-content\/uploads\/2024\/11\/Campana-25N-2024_Cartel-1024x576.png 1024w, https:\/\/igualdad.us.es\/wpblog\/wp-content\/uploads\/2024\/11\/Campana-25N-2024_Cartel-300x169.png 300w, https:\/\/igualdad.us.es\/wpblog\/wp-content\/uploads\/2024\/11\/Campana-25N-2024_Cartel-768x432.png 768w, https:\/\/igualdad.us.es\/wpblog\/wp-content\/uploads\/2024\/11\/Campana-25N-2024_Cartel.png 1280w\" sizes=\"auto, (max-width: 640px) 100vw, 640px\" \/><\/a><\/p>\n<p>&nbsp;<\/p>\n","protected":false},"excerpt":{"rendered":"<p>Presencial 25 de noviembre de 2024<\/p>\n","protected":false},"author":1,"featured_media":7848,"comment_status":"closed","ping_status":"closed","sticky":false,"template":"","format":"standard","meta":{"footnotes":""},"categories":[31,39,27],"tags":[],"class_list":["post-7845","post","type-post","status-publish","format-standard","has-post-thumbnail","hentry","category-actividad","category-actividad-propia","category-noticia"],"gutentor_comment":0,"_links":{"self":[{"href":"https:\/\/igualdad.us.es\/wpblog\/wp-json\/wp\/v2\/posts\/7845","targetHints":{"allow":["GET"]}}],"collection":[{"href":"https:\/\/igualdad.us.es\/wpblog\/wp-json\/wp\/v2\/posts"}],"about":[{"href":"https:\/\/igualdad.us.es\/wpblog\/wp-json\/wp\/v2\/types\/post"}],"author":[{"embeddable":true,"href":"https:\/\/igualdad.us.es\/wpblog\/wp-json\/wp\/v2\/users\/1"}],"replies":[{"embeddable":true,"href":"https:\/\/igualdad.us.es\/wpblog\/wp-json\/wp\/v2\/comments?post=7845"}],"version-history":[{"count":12,"href":"https:\/\/igualdad.us.es\/wpblog\/wp-json\/wp\/v2\/posts\/7845\/revisions"}],"predecessor-version":[{"id":7869,"href":"https:\/\/igualdad.us.es\/wpblog\/wp-json\/wp\/v2\/posts\/7845\/revisions\/7869"}],"wp:featuredmedia":[{"embeddable":true,"href":"https:\/\/igualdad.us.es\/wpblog\/wp-json\/wp\/v2\/media\/7848"}],"wp:attachment":[{"href":"https:\/\/igualdad.us.es\/wpblog\/wp-json\/wp\/v2\/media?parent=7845"}],"wp:term":[{"taxonomy":"category","embeddable":true,"href":"https:\/\/igualdad.us.es\/wpblog\/wp-json\/wp\/v2\/categories?post=7845"},{"taxonomy":"post_tag","embeddable":true,"href":"https:\/\/igualdad.us.es\/wpblog\/wp-json\/wp\/v2\/tags?post=7845"}],"curies":[{"name":"wp","href":"https:\/\/api.w.org\/{rel}","templated":true}]}}