{"id":7651,"date":"2024-07-03T11:29:42","date_gmt":"2024-07-03T10:29:42","guid":{"rendered":"https:\/\/igualdad.us.es\/?p=7651"},"modified":"2024-10-07T17:50:09","modified_gmt":"2024-10-07T16:50:09","slug":"curso-perspectiva-de-genero-en-la-docencia-2a-edicion","status":"publish","type":"post","link":"https:\/\/igualdad.us.es\/wpblog\/curso-perspectiva-de-genero-en-la-docencia-2a-edicion\/","title":{"rendered":"Curso perspectiva de g\u00e9nero en la Docencia, 2\u00aa edici\u00f3n"},"content":{"rendered":"<p><span style=\"color: #993366;\"><strong>Curso semipresencial \u00bfPor qu\u00e9 y c\u00f3mo integrar la perspectiva de G\u00c9NERO en la DOCENCIA?, 2\u00aa edici\u00f3n<\/strong><\/span><br \/>\n(Formaci\u00f3n propia-2024)<\/p>\n<p><strong>Organiza:<\/strong> Unidad para la Igualdad de la US.<br \/>\n<strong>Colabora:<\/strong> ICE<br \/>\n<strong>Realizaci\u00f3n:\u00a0<\/strong><\/p>\n<ul>\n<li>Presencial: 2 y 4 de octubre de 2024, de 10h a 14h, en el aula A.3.16 (G) el 02\/10\/2024 y aula A.1.7 el 04\/10\/2024, ambas de la Facultad de Ciencias de la Educaci\u00f3n.<\/li>\n<li>No presencial: Las 12 horas online ser\u00e1n as\u00edncronas de la a trav\u00e9s de Ense\u00f1anza Virtual del 6 al 30 de octubre de 2024.<\/li>\n<\/ul>\n<p><strong>Horas:<\/strong> 20 horas (8h presenciales y 12h online)<br \/>\n<strong>Requisitos: <\/strong>PDI de la US.<br \/>\n<strong>Plazas: <\/strong> 40 PDI<br \/>\n<strong>Objetivos: <\/strong><\/p>\n<ul>\n<li>Concienciar a la comunidad universitaria de la importancia de introducir la perspectiva de g\u00e9nero en la docencia como parte de la excelencia cient\u00edfica, para mejorar la competitividad y para promover la igualdad entre hombres y mujeres.<\/li>\n<li>Revisar las propuestas estrat\u00e9gicas a nivel europeo, nacional y auton\u00f3mico.<\/li>\n<li>Proporcionar instrumentos pr\u00e1cticos para docentes.<\/li>\n<\/ul>\n<p><strong>Contenidos abordados: <\/strong><\/p>\n<ul>\n<li>La docencia con perspectiva de g\u00e9nero.<\/li>\n<li>La ceguera de g\u00e9nero y sus implicaciones.<\/li>\n<li>Recomendaciones a nivel europeo, estatal y auton\u00f3mico.<\/li>\n<li>Herramientas para introducir la perspectiva de g\u00e9nero en nuestra docencia.<\/li>\n<\/ul>\n<p><strong>Profesorado<\/strong><strong>: <\/strong><\/p>\n<ul>\n<li>M\u00aa \u00c1ngeles Rebollo Catal\u00e1n<\/li>\n<li>Catalina Sol\u00eds Ceballos<\/li>\n<\/ul>\n<p><strong>Inscripci\u00f3n:\u00a0 <\/strong>Gratuita hasta completar, previa inscripci\u00f3n<\/p>\n<ul style=\"list-style-type: circle;\">\n<li>PDI, en AFOROS <span style=\"color: #993366;\"><a style=\"color: #993366;\" href=\"https:\/\/sfep.us.es\/wsfep\/sfep\/cursos_aforos.html\" target=\"_blank\" rel=\"noopener noreferrer\">https:\/\/sfep.us.es\/wsfep\/sfep\/cursos_aforos.html<\/a><\/span><\/li>\n<\/ul>\n<p><strong>Reconocimiento: <\/strong>PDI por el ICE.<\/p>\n<p><strong>Publicidad:<\/strong> <span style=\"color: #993366;\"><a style=\"color: #993366;\" href=\"https:\/\/igualdad.us.es\/wpblog\/wp-content\/uploads\/2024\/07\/Curso_Perspectiva-Genero-Docencia-2024_Cartel.pdf\" target=\"_blank\" rel=\"noopener\">Cartel<\/a><\/span><\/p>\n","protected":false},"excerpt":{"rendered":"<p>Presencial 2 y 4 de octubre de 2024. Online del 6 al 30 de octubre de 2024.<\/p>\n","protected":false},"author":1,"featured_media":6877,"comment_status":"closed","ping_status":"closed","sticky":false,"template":"","format":"standard","meta":{"footnotes":""},"categories":[29,25,27],"tags":[],"class_list":["post-7651","post","type-post","status-publish","format-standard","has-post-thumbnail","hentry","category-formacion","category-formacion-propia","category-noticia"],"gutentor_comment":0,"_links":{"self":[{"href":"https:\/\/igualdad.us.es\/wpblog\/wp-json\/wp\/v2\/posts\/7651","targetHints":{"allow":["GET"]}}],"collection":[{"href":"https:\/\/igualdad.us.es\/wpblog\/wp-json\/wp\/v2\/posts"}],"about":[{"href":"https:\/\/igualdad.us.es\/wpblog\/wp-json\/wp\/v2\/types\/post"}],"author":[{"embeddable":true,"href":"https:\/\/igualdad.us.es\/wpblog\/wp-json\/wp\/v2\/users\/1"}],"replies":[{"embeddable":true,"href":"https:\/\/igualdad.us.es\/wpblog\/wp-json\/wp\/v2\/comments?post=7651"}],"version-history":[{"count":1,"href":"https:\/\/igualdad.us.es\/wpblog\/wp-json\/wp\/v2\/posts\/7651\/revisions"}],"predecessor-version":[{"id":7653,"href":"https:\/\/igualdad.us.es\/wpblog\/wp-json\/wp\/v2\/posts\/7651\/revisions\/7653"}],"wp:featuredmedia":[{"embeddable":true,"href":"https:\/\/igualdad.us.es\/wpblog\/wp-json\/wp\/v2\/media\/6877"}],"wp:attachment":[{"href":"https:\/\/igualdad.us.es\/wpblog\/wp-json\/wp\/v2\/media?parent=7651"}],"wp:term":[{"taxonomy":"category","embeddable":true,"href":"https:\/\/igualdad.us.es\/wpblog\/wp-json\/wp\/v2\/categories?post=7651"},{"taxonomy":"post_tag","embeddable":true,"href":"https:\/\/igualdad.us.es\/wpblog\/wp-json\/wp\/v2\/tags?post=7651"}],"curies":[{"name":"wp","href":"https:\/\/api.w.org\/{rel}","templated":true}]}}