{"id":7447,"date":"2024-03-12T08:27:56","date_gmt":"2024-03-12T07:27:56","guid":{"rendered":"https:\/\/igualdad.us.es\/?p=7447"},"modified":"2024-03-20T12:07:56","modified_gmt":"2024-03-20T11:07:56","slug":"jornadas-pedagogias-afectivas-y-feministas-para-el-cambio-social","status":"publish","type":"post","link":"https:\/\/igualdad.us.es\/wpblog\/jornadas-pedagogias-afectivas-y-feministas-para-el-cambio-social\/","title":{"rendered":"Jornadas pedagog\u00edas afectivas y feministas"},"content":{"rendered":"\r\n<p><span style=\"color: #993366;\"><strong>I Jornadas Internacionales sobre pedagog\u00edas afectivas y feministas para el cambio social<\/strong><\/span><\/p>\r\n<p><span style=\"color: #999999;\">(US-2024)<\/span><\/p>\r\n<p style=\"text-align: justify;\">La educaci\u00f3n emocional ha sido relegada al olvido ante la educaci\u00f3n m\u00e1s acad\u00e9mica y racional, es por ello que en estas Jornadas Internacionales se brinda la posibilidad de formar y educar desde el afecto, los cuerpos y el acercamiento con un alumnado que est\u00e1 absorto en las nuevas tecnolog\u00edas que le alejan de la realidad m\u00e1s som\u00e1tica, la de la piel con piel.<\/p>\r\n<p>As\u00ed, no solo se pone el foco en el p\u00fablico joven, adulto, particularmente en la comunidad universitaria (sin l\u00edmite de edad, sin edadismo), sino que se elabora una mesa redonda especialmente dirigida al profesorado para sensibilizarle sobre educaci\u00f3n afectiva.<\/p>\r\n<p>Tanto en el \u00e1mbito educativo como social y cultural, queremos fomentar la \u201cpedagog\u00eda de los abrazos\u201d para rese\u00f1ar \u201cla importancia del abrazo como acto pol\u00edtico\u201d (Fachel, 2022, 160), ante tanta violencia en la educaci\u00f3n de las criaturas, as\u00ed como en las representaciones audiovisuales, para buscar la inclusi\u00f3n y consecuci\u00f3n de los derechos de aquellos colectivos que son relegados a los m\u00e1rgenes: colectivo LGBTIQ+, mujeres rurales, mujeres de diversas etnias, personas con discapacidad y\/o diversidad funcional y el colectivo de la tercera edad.<\/p>\r\n<p>Para ello, es necesario abordar la educaci\u00f3n y el acercamiento afectivo de todo tipo de cuerpos en este espacio seguro y feminista dentro de la comunidad universitaria.<\/p>\r\n\r\n\r\n\r\n<p><strong>Organiza:\u00a0<\/strong>Sof\u00eda Otero Escudero, Irene Baena Cuder y Laura Pacheco Jim\u00e9nez y grupo de investigaci\u00f3n <a href=\"http:\/\/grupoadmira.blogspot.com\/\" target=\"_blank\" rel=\"noreferrer noopener\">AdMIRA (An\u00e1lisis de Medios, Im\u00e1genes y Relatos Audiovisuales)<\/a> de la Universidad de Sevilla.<\/p>\r\n<p><strong>Realizaci\u00f3n: <\/strong>Presencial 4 y 5 de abril de 2024, en el Sal\u00f3n de Actos de la Facultad de Comunicaci\u00f3n de la Universidad de Sevilla.<\/p>\r\n<p><strong>+ Informaci\u00f3n e inscripci\u00f3n: <\/strong><a href=\"https:\/\/pedagogiasafectivasyfeministas.wordpress.com\" target=\"_blank\" rel=\"noopener\">https:\/\/pedagogiasafectivasyfeministas.wordpress.com<\/a><\/p>\r\n<p><strong>Nota:<\/strong> las sesiones ser\u00e1n interpretadas en lenguaje de signos.<\/p>\r\n<p>Para cualquier duda ponte en contacto en el correo electr\u00f3nico <a href=\"mailto:sotero@us.es\" target=\"_blank\" rel=\"noopener\">sotero@us.es<\/a><\/p>\r\n<p><a href=\"https:\/\/igualdad.us.es\/wpblog\/wp-content\/uploads\/2024\/03\/Jornadas-pedagogias-afectivas-feministas-2024_cartel.png\" target=\"_blank\" rel=\"noopener\"><img loading=\"lazy\" decoding=\"async\" class=\"aligncenter wp-image-7448 size-medium\" src=\"https:\/\/igualdad.us.es\/wpblog\/wp-content\/uploads\/2024\/03\/Jornadas-pedagogias-afectivas-feministas-2024_cartel-212x300.png\" alt=\"\" width=\"212\" height=\"300\" srcset=\"https:\/\/igualdad.us.es\/wpblog\/wp-content\/uploads\/2024\/03\/Jornadas-pedagogias-afectivas-feministas-2024_cartel-212x300.png 212w, https:\/\/igualdad.us.es\/wpblog\/wp-content\/uploads\/2024\/03\/Jornadas-pedagogias-afectivas-feministas-2024_cartel.png 600w\" sizes=\"auto, (max-width: 212px) 100vw, 212px\" \/><\/a><\/p>\r\n","protected":false},"excerpt":{"rendered":"<p>Presencial 4 y 5 de abril de 2024<\/p>\n","protected":false},"author":1,"featured_media":7449,"comment_status":"closed","ping_status":"closed","sticky":false,"template":"","format":"standard","meta":{"footnotes":""},"categories":[31,32,29,24,27],"tags":[],"class_list":["post-7447","post","type-post","status-publish","format-standard","has-post-thumbnail","hentry","category-actividad","category-actividad-us","category-formacion","category-formacion-us","category-noticia"],"gutentor_comment":0,"_links":{"self":[{"href":"https:\/\/igualdad.us.es\/wpblog\/wp-json\/wp\/v2\/posts\/7447","targetHints":{"allow":["GET"]}}],"collection":[{"href":"https:\/\/igualdad.us.es\/wpblog\/wp-json\/wp\/v2\/posts"}],"about":[{"href":"https:\/\/igualdad.us.es\/wpblog\/wp-json\/wp\/v2\/types\/post"}],"author":[{"embeddable":true,"href":"https:\/\/igualdad.us.es\/wpblog\/wp-json\/wp\/v2\/users\/1"}],"replies":[{"embeddable":true,"href":"https:\/\/igualdad.us.es\/wpblog\/wp-json\/wp\/v2\/comments?post=7447"}],"version-history":[{"count":5,"href":"https:\/\/igualdad.us.es\/wpblog\/wp-json\/wp\/v2\/posts\/7447\/revisions"}],"predecessor-version":[{"id":7488,"href":"https:\/\/igualdad.us.es\/wpblog\/wp-json\/wp\/v2\/posts\/7447\/revisions\/7488"}],"wp:featuredmedia":[{"embeddable":true,"href":"https:\/\/igualdad.us.es\/wpblog\/wp-json\/wp\/v2\/media\/7449"}],"wp:attachment":[{"href":"https:\/\/igualdad.us.es\/wpblog\/wp-json\/wp\/v2\/media?parent=7447"}],"wp:term":[{"taxonomy":"category","embeddable":true,"href":"https:\/\/igualdad.us.es\/wpblog\/wp-json\/wp\/v2\/categories?post=7447"},{"taxonomy":"post_tag","embeddable":true,"href":"https:\/\/igualdad.us.es\/wpblog\/wp-json\/wp\/v2\/tags?post=7447"}],"curies":[{"name":"wp","href":"https:\/\/api.w.org\/{rel}","templated":true}]}}