{"id":7023,"date":"2023-10-11T17:48:08","date_gmt":"2023-10-11T16:48:08","guid":{"rendered":"https:\/\/igualdad.us.es\/?p=7023"},"modified":"2023-10-11T17:52:03","modified_gmt":"2023-10-11T16:52:03","slug":"jornadas-visibilizando-a-las-mujeres-la-historia-a-traves-de-la-perspectiva-de-genero","status":"publish","type":"post","link":"https:\/\/igualdad.us.es\/wpblog\/jornadas-visibilizando-a-las-mujeres-la-historia-a-traves-de-la-perspectiva-de-genero\/","title":{"rendered":"Jornadas Visibilizando a las mujeres: la historia a trav\u00e9s de la perspectiva de g\u00e9nero"},"content":{"rendered":"<p><span style=\"color: #993366;\"><strong>Jornadas Visibilizando a las mujeres: la historia a trav\u00e9s de la perspectiva de g\u00e9nero<br \/>\n<\/strong><\/span><span style=\"color: #999999;\">(Iniciativa-Igualdad Ayuda.2023-51)<\/span><\/p>\n<p style=\"text-align: justify;\">Estas jornadas aborda la importancia de visibilizar personajes femeninos claves en momentos relevantes de la historia desde el siglo XV hasta la \u00e9poca actual desde una perspectiva interdisciplinar.<\/p>\n<p style=\"text-align: justify;\">A trav\u00e9s de una metodolog\u00eda de acci\u00f3n participativa e innovaci\u00f3n docente, se pretende dar a conocer la influencia del g\u00e9nero en la construcci\u00f3n de la historia mediante el estudio de figuras y colectividades femeninas con identidades plurales y de una gran riqueza historiogr\u00e1fica con un gran potencial contrahegem\u00f3nico, as\u00ed como sus formas de recordar las relaciones de poder tanto en el \u00e1mbito personal como en el \u00e1mbito p\u00fablico. Esto permite aprender otra forma de observar y reflexionar sobre las desigualdades desde una perspectiva de g\u00e9nero, integradora y plural que permita tomar conciencia en el presente de relaciones de g\u00e9nero que velen por la igualdad.<\/p>\n<p><strong>Organiza: <\/strong>Roc\u00edo Moreno Cabanillas, profesora de la Universidad de Sevilla (US).<br \/>\n<strong>Colabora:<\/strong><span class=\"texto_gris\"> Unidad para la Igualdad de la US<\/span>.<br \/>\n<strong>Realizaci\u00f3n: <\/strong>Presencial 6, 7 y 8 de noviembre de 2023 en el Aula Diego Angulo de la Facultad de Geograf\u00eda e Historia de la US.<br \/>\n<strong>Inscripci\u00f3n:<\/strong> Gratuita y hasta agotar plazas, previa inscripci\u00f3n <a href=\"https:\/\/docs.google.com\/forms\/d\/e\/1FAIpQLScyIcIDj9SnvZICPtn-7Mt33KAF5_GJzAf2BJfVMIma-yc5GQ\/viewform\" target=\"_blank\" rel=\"noopener\"><span style=\"color: #993366;\">aqu\u00ed<\/span><\/a><br \/>\n<strong>+ Informaci\u00f3n: <\/strong><span style=\"color: #993366;\"><a style=\"color: #993366;\" href=\"mailto:rmcabanillas@us.es\">rmcabanillas@us.es<\/a><\/span><br \/>\n<strong>Publicidad:<\/strong> <span style=\"color: #993366;\"><a style=\"color: #993366;\" href=\"https:\/\/igualdad.us.es\/wpblog\/wp-content\/uploads\/2023\/10\/Ayuda-2023.51_Publicidad-Cartel.pdf\" target=\"_blank\" rel=\"noopener\">Cartel y programa<\/a><\/span><br \/>\n<a href=\"https:\/\/igualdad.us.es\/?page_id=6300\"><span style=\"color: #993366;\">Ver <span style=\"color: #993366;\">todas<\/span> las iniciativas <\/span><\/a><\/p>\n","protected":false},"excerpt":{"rendered":"<p>Presencial 6, 7 y 8 de noviembre de 2023<\/p>\n","protected":false},"author":1,"featured_media":7025,"comment_status":"closed","ping_status":"closed","sticky":false,"template":"","format":"standard","meta":{"footnotes":""},"categories":[31,29,42,26],"tags":[],"class_list":["post-7023","post","type-post","status-publish","format-standard","has-post-thumbnail","hentry","category-actividad","category-formacion","category-formacion-iniciativa","category-iniciativa-igualdad"],"gutentor_comment":0,"_links":{"self":[{"href":"https:\/\/igualdad.us.es\/wpblog\/wp-json\/wp\/v2\/posts\/7023","targetHints":{"allow":["GET"]}}],"collection":[{"href":"https:\/\/igualdad.us.es\/wpblog\/wp-json\/wp\/v2\/posts"}],"about":[{"href":"https:\/\/igualdad.us.es\/wpblog\/wp-json\/wp\/v2\/types\/post"}],"author":[{"embeddable":true,"href":"https:\/\/igualdad.us.es\/wpblog\/wp-json\/wp\/v2\/users\/1"}],"replies":[{"embeddable":true,"href":"https:\/\/igualdad.us.es\/wpblog\/wp-json\/wp\/v2\/comments?post=7023"}],"version-history":[{"count":4,"href":"https:\/\/igualdad.us.es\/wpblog\/wp-json\/wp\/v2\/posts\/7023\/revisions"}],"predecessor-version":[{"id":7029,"href":"https:\/\/igualdad.us.es\/wpblog\/wp-json\/wp\/v2\/posts\/7023\/revisions\/7029"}],"wp:featuredmedia":[{"embeddable":true,"href":"https:\/\/igualdad.us.es\/wpblog\/wp-json\/wp\/v2\/media\/7025"}],"wp:attachment":[{"href":"https:\/\/igualdad.us.es\/wpblog\/wp-json\/wp\/v2\/media?parent=7023"}],"wp:term":[{"taxonomy":"category","embeddable":true,"href":"https:\/\/igualdad.us.es\/wpblog\/wp-json\/wp\/v2\/categories?post=7023"},{"taxonomy":"post_tag","embeddable":true,"href":"https:\/\/igualdad.us.es\/wpblog\/wp-json\/wp\/v2\/tags?post=7023"}],"curies":[{"name":"wp","href":"https:\/\/api.w.org\/{rel}","templated":true}]}}