{"id":6941,"date":"2023-09-15T09:58:41","date_gmt":"2023-09-15T08:58:41","guid":{"rendered":"https:\/\/igualdad.us.es\/?p=6941"},"modified":"2023-09-22T18:49:48","modified_gmt":"2023-09-22T17:49:48","slug":"encuentros-la-discriminacion-por-razon-de-genero-en-el-contexto-universitario","status":"publish","type":"post","link":"https:\/\/igualdad.us.es\/wpblog\/encuentros-la-discriminacion-por-razon-de-genero-en-el-contexto-universitario\/","title":{"rendered":"La discriminaci\u00f3n por raz\u00f3n de g\u00e9nero en el contexto universitario"},"content":{"rendered":"<p><strong><span style=\"color: #993366;\">Seminarios\/mesa La discriminaci\u00f3n por raz\u00f3n de g\u00e9nero en el contexto universitario: divulgaci\u00f3n de resultados del estudio sobre las percepciones de la comunidad universitaria<br \/>\n<\/span><\/strong><span style=\"color: #999999;\">(Iniciativa-Igualdad Ayuda.2023-52)<\/span><\/p>\n<p style=\"text-align: justify;\">Desde diferentes contextos y realidades, la discriminaci\u00f3n por raz\u00f3n de g\u00e9nero\u00a0 (DRG) se ha impuesto ante una sociedad impasible y conformista. En el \u00e1mbito universitario dicha discriminaci\u00f3n aparece reflejada en distintas formas, tales como la dificultad de acceso y transici\u00f3n a categor\u00edas profesionales m\u00e1s elevadas, o diferencias en el env\u00edo de publicaciones, conciliaci\u00f3n familiar o brecha salarial y de financiaci\u00f3n.<\/p>\n<p style=\"text-align: justify;\">En la convocatoria de ayudas de la Unidad para la Igualdad (2020 y 2021), el equipo de investigaci\u00f3n cont\u00f3 con la aprobaci\u00f3n de dos proyectos de car\u00e1cter cualitativo: \u201cCampa\u00f1a sensibilizaci\u00f3n de la detecci\u00f3n a la acci\u00f3n: mesas redondas sobre la discriminaci\u00f3n de g\u00e9nero y la cotidianidad de la comunidad universitaria\u201d (Ref. 14221) y\u00a0 \u201cCOVID-19 y discriminaci\u00f3n por raz\u00f3n de g\u00e9nero en el contexto universitario: nuevos desaf\u00edos frente a nuevos escenarios\u201d (Iniciativa-igualdad-2021.27). Estas iniciativas se vieron respaldados por un tercer proyecto financiado en la convocatoria de 2022 titulado \u201cDiscriminaci\u00f3n por raz\u00f3n de g\u00e9nero en el contexto universitario: estudio sobre las percepciones de la comunidad universitaria de las situaciones de desigualdad y de las medidas para erradicarlas\u201d (Ref.: Iniciativa-Igualdad-2022.19).<\/p>\n<p style=\"text-align: justify;\"><strong>Obetivo:<\/strong> Es integrar, analizar y difundir los datos de estas tres investigaciones, promoviendo la interpretaci\u00f3n de los resultados obtenidos y la reflexi\u00f3n sobre sus implicaciones con la propia comunidad universitaria. Se ofrecer\u00e1 un espacio de divulgaci\u00f3n que contribuir\u00e1 a sensibilizar y concienciar a la comunidad universitaria sobre la DRG en la US, ofreciendo a las personas implicadas el acceso a los datos aportados por ellas mismas y haci\u00e9ndolas part\u00edcipes de su interpretaci\u00f3n. Para ello se celebrar\u00e1n tres seminarios dirigidos a colectivos concretos de la comunidad universitaria (alumnado, PDI\/PAS y Red de Referentes), as\u00ed como una mesa redonda para toda la comunidad con personas expertas en materia de violencia y discriminaci\u00f3n contra las mujeres.<\/p>\n<p><strong>Calendario de actuaciones<\/strong><\/p>\n<p style=\"padding-left: 40px;\"><strong>&#8211; Seminario 1. Dirigido al alumnado<\/strong>. Fecha: Presencial <strong>28 de septiembre de 2023<\/strong>, 10:00-12:00. Aula de Grados de la Facultad de Psicolog\u00eda.<\/p>\n<p style=\"padding-left: 40px;\"><strong>&#8211; Mesa redonda.<\/strong> <strong>Dirigida a toda la comunidad universitaria<\/strong>. Fecha: <strong>2 de octubre de 2023<\/strong>, 18:00-20:00.\u00a0 Pabell\u00f3n de Uruguay.<\/p>\n<p style=\"padding-left: 40px;\"><strong>&#8211; Seminario 2. Dirigido a PDI y PAS.<\/strong> Fecha: Presencial <strong>4 de octubre de 2023<\/strong>, 12:00-14:00. Sal\u00f3n de Grados de la Facultad de Farmacia.<\/p>\n<p style=\"padding-left: 40px;\"><strong>&#8211; Seminario 3. Dirigido a la Red de Referentes<\/strong>. Fecha: Presencial <strong>5 de octubre de 2023<\/strong>, 12:00-14:00. Sal\u00f3n de Grados de la Facultad de Farmacia.<\/p>\n<p>Duraci\u00f3n de cada actuaci\u00f3n:\u00a02 horas.<\/p>\n<p>\u00bfC\u00f3mo puedo participar?<\/p>\n<ul>\n<li>Asistencia presencial en los seminarios<\/li>\n<li>Asistencia presencial y virtual en la mesa redonda.<\/li>\n<\/ul>\n<p>Solicitado reconocimiento como actividad de formaci\u00f3n para PAS en FORPAS.<\/p>\n<p><strong>Organiza:<\/strong>\u00a0Sara Luna Rivas, Vanesa Salado Navarro, Dolores Maj\u00f3n Valpuesta, Pilar Ramos Valverde,\u00a0 Carmen Moreno Rodr\u00edguez, Concepci\u00f3n Moreno Maldonado y Esther Ciria (profesoras de la Facultad de Psicolog\u00eda de la US).<\/p>\n<p><strong>Colabora:<\/strong>\u00a0Unidad para la Igualdad de la US.<br \/>\n<strong>Realizaci\u00f3n:<\/strong> cuatro sesiones: 28 de septiembre; 2, 4 y 5 de octubre de 2023 (2 horas cada sesi\u00f3n).<br \/>\n<strong>Dudas\/consultas:<\/strong>\u00a0<a href=\"mailto:mesasredondas.igualdad@gmail.com\">mesasredondas.igualdad@gmail.com<\/a><br \/>\n<strong>Inscripci\u00f3n:<\/strong>\u00a0gratuita hasta completar aforo, previa inscripci\u00f3n <span style=\"color: #993366;\"><a style=\"color: #993366;\" href=\"https:\/\/forms.gle\/h2GxDHjVB453vNSB6\" target=\"_blank\" rel=\"noopener\">aqu\u00ed<\/a> <\/span><\/p>\n<p><strong>NOTA:<\/strong> La inscripci\u00f3n del PAS para al Seminario 2, del 4 de octubre, se debe realizar por el <a href=\"https:\/\/recursoshumanos.us.es\/index.php?page=forpas\" target=\"_blank\" rel=\"noopener\">FORPAS<\/a>.<\/p>\n<p><strong>Publicidad: <\/strong><span style=\"color: #993366;\"><a style=\"color: #993366;\" href=\"https:\/\/igualdad.us.es\/wpblog\/wp-content\/uploads\/2023\/09\/Ayuda-2023.52_Publicidad-cartel.pdf\" target=\"_blank\" rel=\"noopener\">Cartel<\/a><\/span><\/p>\n<p><a href=\"https:\/\/igualdad.us.es\/?page_id=6300\"><span style=\"color: #993366;\">Ver todas las iniciativas de igualdad<\/span><\/a><\/p>\n","protected":false},"excerpt":{"rendered":"<p>Presencial 28 de septiembre; 2, 4 y 5 de octubre de 2023<\/p>\n","protected":false},"author":1,"featured_media":6943,"comment_status":"closed","ping_status":"closed","sticky":false,"template":"","format":"standard","meta":{"footnotes":""},"categories":[31,29,42,26,27],"tags":[],"class_list":["post-6941","post","type-post","status-publish","format-standard","has-post-thumbnail","hentry","category-actividad","category-formacion","category-formacion-iniciativa","category-iniciativa-igualdad","category-noticia"],"gutentor_comment":0,"_links":{"self":[{"href":"https:\/\/igualdad.us.es\/wpblog\/wp-json\/wp\/v2\/posts\/6941","targetHints":{"allow":["GET"]}}],"collection":[{"href":"https:\/\/igualdad.us.es\/wpblog\/wp-json\/wp\/v2\/posts"}],"about":[{"href":"https:\/\/igualdad.us.es\/wpblog\/wp-json\/wp\/v2\/types\/post"}],"author":[{"embeddable":true,"href":"https:\/\/igualdad.us.es\/wpblog\/wp-json\/wp\/v2\/users\/1"}],"replies":[{"embeddable":true,"href":"https:\/\/igualdad.us.es\/wpblog\/wp-json\/wp\/v2\/comments?post=6941"}],"version-history":[{"count":5,"href":"https:\/\/igualdad.us.es\/wpblog\/wp-json\/wp\/v2\/posts\/6941\/revisions"}],"predecessor-version":[{"id":6974,"href":"https:\/\/igualdad.us.es\/wpblog\/wp-json\/wp\/v2\/posts\/6941\/revisions\/6974"}],"wp:featuredmedia":[{"embeddable":true,"href":"https:\/\/igualdad.us.es\/wpblog\/wp-json\/wp\/v2\/media\/6943"}],"wp:attachment":[{"href":"https:\/\/igualdad.us.es\/wpblog\/wp-json\/wp\/v2\/media?parent=6941"}],"wp:term":[{"taxonomy":"category","embeddable":true,"href":"https:\/\/igualdad.us.es\/wpblog\/wp-json\/wp\/v2\/categories?post=6941"},{"taxonomy":"post_tag","embeddable":true,"href":"https:\/\/igualdad.us.es\/wpblog\/wp-json\/wp\/v2\/tags?post=6941"}],"curies":[{"name":"wp","href":"https:\/\/api.w.org\/{rel}","templated":true}]}}