{"id":6903,"date":"2023-09-11T20:49:48","date_gmt":"2023-09-11T19:49:48","guid":{"rendered":"https:\/\/igualdad.us.es\/?p=6903"},"modified":"2023-09-11T20:59:02","modified_gmt":"2023-09-11T19:59:02","slug":"exposicion-invisibles-precursoras-de-la-conservacion-del-patrimonio-cultural","status":"publish","type":"post","link":"https:\/\/igualdad.us.es\/wpblog\/exposicion-invisibles-precursoras-de-la-conservacion-del-patrimonio-cultural\/","title":{"rendered":"Exposici\u00f3n [IN]VISIBLES. Precursoras de la conservaci\u00f3n del patrimonio cultural"},"content":{"rendered":"<p><strong><span style=\"color: #993366;\">Exposici\u00f3n [IN]VISIBLES. Precursoras de la conservaci\u00f3n del patrimonio cultural<\/span><br \/>\n<\/strong><span style=\"color: #999999;\">(Iniciativa-Igualdad Ayuda.2023-48)<\/span><\/p>\n<p style=\"text-align: justify;\">A lo largo de la historia, la mujer ha tenido que hacer frente a numerosos obst\u00e1culos para ser reconocida en la esfera social, cultural y laboral. En el \u00e1mbito que nos ocupa, la conservaci\u00f3n del patrimonio cultural, los referentes femeninos se han mantenido en un discreto segundo plano, a pesar de haber contado con un papel clave con sus avances y logros innovadores.<\/p>\n<p style=\"text-align: justify;\"><strong>Objetivo:<\/strong> La exposici\u00f3n pretende visualizar y visibilizar la presencia femenina en el \u00e1mbito patrimonial, a trav\u00e9s de la celebraci\u00f3n de una exposici\u00f3n itinerante en la que se mostrar\u00e1 una selecci\u00f3n de mujeres pioneras en la cultura y el patrimonio espa\u00f1ol. La misma se completar\u00e1 con una conferencia inaugural, donde se reflexionar\u00e1 sobre su presencia en este \u00e1mbito y las dificultades con las que han contado hist\u00f3ricamente para que se lleve a cabo su reconocimiento.<\/p>\n<p>A partir de este objetivo principal, con las acciones a realizar (exposici\u00f3n, conferencia inaugural y cat\u00e1logo) se persigue una triple finalidad:<br \/>\n&#8211; Propiciar la defensa de los derechos de las mujeres y la equidad de g\u00e9nero.<br \/>\n&#8211; Contribuir a la visibilidad de las mujeres en el \u00e1mbito del patrimonio cultural y rescatarlas del anonimato.<br \/>\n&#8211; Divulgar y reivindicar la presencia de la mujer en el \u00e1mbito cultural espa\u00f1ol.<\/p>\n<p style=\"text-align: justify;\"><strong>Organiza: <\/strong>Mar\u00eda Mercedes Molina Li\u00f1\u00e1n, profesora de la US.<br \/>\n<strong>Colabora:<\/strong> Unidad para la Igualdad de la US.<br \/>\n<strong>Realizaci\u00f3n: <\/strong>d\u00eda, hora y sedes de la exposici\u00f3n:<\/p>\n<ul style=\"list-style-type: circle;\">\n<li>29\/09\/2023, de 18:00 a 23:00h &#8211; Noche Europea de la Investigaci\u00f3n (Plaza Nueva, Sevilla).<\/li>\n<li>03\/10\/2023 al 17\/10\/2023 \u2013 Escuela T\u00e9cnica Superior de Arquitectura de Sevilla (Pasillo de entrada).<\/li>\n<li>23\/10\/2023 al 6\/11\/2023 \u2013 Instituto Andaluz del Patrimonio Hist\u00f3rico (IAPH), Sevilla, (Pasillo del molino).<\/li>\n<li>08\/11\/2023 al 08\/12\/2023 &#8211; Escuela T\u00e9cnica Superior de Arquitectura de M\u00e1laga (Pasillo de entrada)<\/li>\n<\/ul>\n<p style=\"text-align: justify;\"><strong>Inscripciones: <\/strong>Entrada gratuita.<br \/>\n<strong>Publicidad: <\/strong><span style=\"color: #993366;\"><a style=\"color: #993366;\" href=\"https:\/\/igualdad.us.es\/wpblog\/wp-content\/uploads\/2023\/09\/Ayuda-2023.48_Publicidad-cartel.png\" target=\"_blank\" rel=\"noopener\">Cartel<\/a> <\/span><\/p>\n<p><a href=\"https:\/\/igualdad.us.es\/?page_id=6300\"><span style=\"color: #993366;\">Ver todas las iniciativas de igualdad<\/span><\/a><\/p>\n","protected":false},"excerpt":{"rendered":"<p>En varios sedes<\/p>\n","protected":false},"author":1,"featured_media":6905,"comment_status":"closed","ping_status":"closed","sticky":false,"template":"","format":"standard","meta":{"footnotes":""},"categories":[31,29,42,26,27],"tags":[],"class_list":["post-6903","post","type-post","status-publish","format-standard","has-post-thumbnail","hentry","category-actividad","category-formacion","category-formacion-iniciativa","category-iniciativa-igualdad","category-noticia"],"gutentor_comment":0,"_links":{"self":[{"href":"https:\/\/igualdad.us.es\/wpblog\/wp-json\/wp\/v2\/posts\/6903","targetHints":{"allow":["GET"]}}],"collection":[{"href":"https:\/\/igualdad.us.es\/wpblog\/wp-json\/wp\/v2\/posts"}],"about":[{"href":"https:\/\/igualdad.us.es\/wpblog\/wp-json\/wp\/v2\/types\/post"}],"author":[{"embeddable":true,"href":"https:\/\/igualdad.us.es\/wpblog\/wp-json\/wp\/v2\/users\/1"}],"replies":[{"embeddable":true,"href":"https:\/\/igualdad.us.es\/wpblog\/wp-json\/wp\/v2\/comments?post=6903"}],"version-history":[{"count":1,"href":"https:\/\/igualdad.us.es\/wpblog\/wp-json\/wp\/v2\/posts\/6903\/revisions"}],"predecessor-version":[{"id":6906,"href":"https:\/\/igualdad.us.es\/wpblog\/wp-json\/wp\/v2\/posts\/6903\/revisions\/6906"}],"wp:featuredmedia":[{"embeddable":true,"href":"https:\/\/igualdad.us.es\/wpblog\/wp-json\/wp\/v2\/media\/6905"}],"wp:attachment":[{"href":"https:\/\/igualdad.us.es\/wpblog\/wp-json\/wp\/v2\/media?parent=6903"}],"wp:term":[{"taxonomy":"category","embeddable":true,"href":"https:\/\/igualdad.us.es\/wpblog\/wp-json\/wp\/v2\/categories?post=6903"},{"taxonomy":"post_tag","embeddable":true,"href":"https:\/\/igualdad.us.es\/wpblog\/wp-json\/wp\/v2\/tags?post=6903"}],"curies":[{"name":"wp","href":"https:\/\/api.w.org\/{rel}","templated":true}]}}