{"id":6841,"date":"2023-06-30T09:50:50","date_gmt":"2023-06-30T08:50:50","guid":{"rendered":"https:\/\/igualdad.us.es\/?p=6841"},"modified":"2023-07-04T09:41:13","modified_gmt":"2023-07-04T08:41:13","slug":"cuestionario-las-mujeres-lesbianas-y-bisexuales-en-espana-del-mi","status":"publish","type":"post","link":"https:\/\/igualdad.us.es\/wpblog\/cuestionario-las-mujeres-lesbianas-y-bisexuales-en-espana-del-mi\/","title":{"rendered":"Cuestionario \u201cLas mujeres lesbianas y bisexuales en Espa\u00f1a\u201d del MI"},"content":{"rendered":"<p style=\"text-align: justify;\"><strong><span style=\"color: #993366;\">Cuestionario \u201cLAS MUJERES LESBIANAS Y BISEXUALES EN ESPA\u00d1A\u201d<\/span><\/strong><br \/>\n<span style=\"color: #999999;\">(Externa-2023)<\/span><\/p>\n<p class=\"xmsonormal\" style=\"text-align: justify;\"><span style=\"font-family: 'Arial',sans-serif;\">Desde el <strong>Ministerio de Igualdad<\/strong>, coordinado por el <strong>Instituto de las Mujeres<\/strong>, realiza este <b>cuestionario<\/b> con el <b>objetivo<\/b> es recoger las <b>realidades y demandas de las mujeres lesbianas y bisexuales<\/b> en nuestro pa\u00eds, para desarrollar futuras pol\u00edticas p\u00fablicas que se ajusten a sus necesidades reales.<\/span><\/p>\n<p class=\"xmsonormal\"><span style=\"font-family: 'Arial',sans-serif;\">La encuesta est\u00e1 abierta <strong>hasta el d\u00eda 7 de julio de 2023<\/strong> en el siguiente enlace <\/span><span style=\"font-family: 'Arial',sans-serif;\"><a href=\"https:\/\/eu.qualtrics.com\/jfe\/form\/SV_bqnhmqlXADeIVCe\" target=\"_blank\" rel=\"noopener\"><strong><span style=\"color: #993366;\">https:\/\/eu.qualtrics.com\/jfe\/form\/SV_bqnhmqlXADeIVCe<\/span><\/strong><\/a><\/span><\/p>\n<p>&nbsp;<\/p>\n","protected":false},"excerpt":{"rendered":"<p>del Ministerio de Igualdad<\/p>\n","protected":false},"author":1,"featured_media":6842,"comment_status":"closed","ping_status":"closed","sticky":false,"template":"","format":"standard","meta":{"footnotes":""},"categories":[27],"tags":[],"class_list":["post-6841","post","type-post","status-publish","format-standard","has-post-thumbnail","hentry","category-noticia"],"gutentor_comment":0,"_links":{"self":[{"href":"https:\/\/igualdad.us.es\/wpblog\/wp-json\/wp\/v2\/posts\/6841","targetHints":{"allow":["GET"]}}],"collection":[{"href":"https:\/\/igualdad.us.es\/wpblog\/wp-json\/wp\/v2\/posts"}],"about":[{"href":"https:\/\/igualdad.us.es\/wpblog\/wp-json\/wp\/v2\/types\/post"}],"author":[{"embeddable":true,"href":"https:\/\/igualdad.us.es\/wpblog\/wp-json\/wp\/v2\/users\/1"}],"replies":[{"embeddable":true,"href":"https:\/\/igualdad.us.es\/wpblog\/wp-json\/wp\/v2\/comments?post=6841"}],"version-history":[{"count":4,"href":"https:\/\/igualdad.us.es\/wpblog\/wp-json\/wp\/v2\/posts\/6841\/revisions"}],"predecessor-version":[{"id":6849,"href":"https:\/\/igualdad.us.es\/wpblog\/wp-json\/wp\/v2\/posts\/6841\/revisions\/6849"}],"wp:featuredmedia":[{"embeddable":true,"href":"https:\/\/igualdad.us.es\/wpblog\/wp-json\/wp\/v2\/media\/6842"}],"wp:attachment":[{"href":"https:\/\/igualdad.us.es\/wpblog\/wp-json\/wp\/v2\/media?parent=6841"}],"wp:term":[{"taxonomy":"category","embeddable":true,"href":"https:\/\/igualdad.us.es\/wpblog\/wp-json\/wp\/v2\/categories?post=6841"},{"taxonomy":"post_tag","embeddable":true,"href":"https:\/\/igualdad.us.es\/wpblog\/wp-json\/wp\/v2\/tags?post=6841"}],"curies":[{"name":"wp","href":"https:\/\/api.w.org\/{rel}","templated":true}]}}