{"id":6781,"date":"2023-06-23T11:25:44","date_gmt":"2023-06-23T10:25:44","guid":{"rendered":"https:\/\/igualdad.us.es\/?p=6781"},"modified":"2023-09-15T10:50:49","modified_gmt":"2023-09-15T09:50:49","slug":"7a-edicion-de-los-premios-a-los-mejores-tfg-tfm-y-td-en-materia-de-igualdad-de-genero","status":"publish","type":"post","link":"https:\/\/igualdad.us.es\/wpblog\/7a-edicion-de-los-premios-a-los-mejores-tfg-tfm-y-td-en-materia-de-igualdad-de-genero\/","title":{"rendered":"Premios mejores TFG, TFM y TD en materia de igualdad de g\u00e9nero 2023"},"content":{"rendered":"<p style=\"text-align: justify;\">La Universidad de Sevilla convoca la <strong><span style=\"color: #993366;\">7\u00aa edici\u00f3n de los Premios a los mejores Trabajos de Fin de Grado, Trabajos Fin de M\u00e1ster y Tesis Doctoral en materia de Igualdad de G\u00e9nero <\/span><\/strong>presentados por miembros de la Comunidad Universitaria de la Universidad de Sevilla en cualquier disciplina acad\u00e9mica en la US con perspectiva de g\u00e9nero y\/o que hayan incorporado el g\u00e9nero como categor\u00eda de an\u00e1lisis.<\/p>\n<p style=\"text-align: justify;\">Las modalidades y los premios otorgados ser\u00e1n las siguientes:<\/p>\n<p style=\"padding-left: 30px;\">\u2022 Premio al Mejor Trabajo Fin de Grado.: 400 euros<br \/>\n\u2022 Premio al Mejor Trabajo Fin de M\u00e1ster: 600 euros<br \/>\n\u2022 Premio a la Mejor Tesis Doctoral\u2026\u2026..: 1000 euros<\/p>\n<p style=\"text-align: left;\"><strong>\u00bb Convocatoria 2023<\/strong><\/p>\n<p style=\"padding-left: 30px;\">\u2022 <strong>Diligencia de publicaci\u00f3n<\/strong>\u00a0<span style=\"color: #993366;\"><a style=\"color: #993366;\" href=\"https:\/\/igualdad.us.es\/wpblog\/wp-content\/uploads\/2023\/06\/Igualdad_Premio_mejor_TFG-TFM-TD-2023_Convocatoria-Diligencia.report.pdf\" target=\"_blank\" rel=\"noopener\">aqu\u00ed<\/a><\/span><\/p>\n<p style=\"padding-left: 30px;\">\u2022 <strong>Bases de la convocatoria del 2023<\/strong>\u00a0<span style=\"color: #993366;\"><a style=\"color: #993366;\" href=\"https:\/\/igualdad.us.es\/wpblog\/wp-content\/uploads\/2023\/06\/Igualdad_Premio_mejor_TFG-TFM-TD-2023_Convocatoria-Bases.report.pdf\" target=\"_blank\" rel=\"noopener\">aqu\u00ed<\/a><\/span><\/p>\n<p style=\"padding-left: 30px;\">\u2022 <strong>Modelo de solicitud (Anexo I)<\/strong>\u00a0<span style=\"color: #993366;\"><a style=\"color: #993366;\" href=\"https:\/\/igualdad.us.es\/wpblog\/wp-content\/uploads\/2023\/06\/Igualdad_Premio_mejor_TFG-TFM-TD-2023_Convocatoria-Solicitud-Anexo-I.docx\" target=\"_blank\" rel=\"noopener\">aqu\u00ed<\/a><\/span><\/p>\n<p><strong>\u00bb Plazo de presentaci\u00f3n de solicitudes:<\/strong> hasta el <strong>15 de septiembre de 2023, inclusive<\/strong>.<\/p>\n<p><strong>NOTA: <\/strong>En caso de tener problemas con el acceso con la Sede Electr\u00f3nica de la US (<a href=\"https:\/\/sede.us.es\/web\/guest\" target=\"_blank\" rel=\"noopener\">https:\/\/sede.us.es\/web\/guest<\/a>) acceda por el siguiente enlace <a href=\"https:\/\/rec.redsara.es\/registro\/action\/are\/acceso.do\" target=\"_blank\" rel=\"noopener\"><strong>https:\/\/rec.redsara.es\/registro\/action\/are\/acceso.do<\/strong><\/a><\/p>\n<p><strong>\u00bb Preguntas m\u00e1s frecuentes FAQ <\/strong><span style=\"color: #993366;\"><a style=\"color: #993366;\" href=\"https:\/\/igualdad.us.es\/wpblog\/wp-content\/uploads\/2021\/07\/Premio_mejor_TFG-TFM-TD-Igualdad_FAQ.pdf\" target=\"_blank\" rel=\"noopener\">aqu\u00ed<\/a><\/span><strong><br \/>\n<\/strong><\/p>\n<p><strong>+ informaci\u00f3n <\/strong><a href=\"https:\/\/igualdad.us.es\/wpblog\/?page_id=764\"><span style=\"color: #993366;\">aqu\u00ed<\/span><\/a><\/p>\n<p>&nbsp;<\/p>\n<p><a href=\"https:\/\/igualdad.us.es\/wpblog\/wp-content\/uploads\/2023\/06\/Igualdad_Premio_mejor_TFG-TFM-TD-2023_cartel.png\" target=\"_blank\" rel=\"noopener\"><img loading=\"lazy\" decoding=\"async\" class=\"aligncenter wp-image-6791 size-large\" src=\"https:\/\/igualdad.us.es\/wpblog\/wp-content\/uploads\/2023\/06\/Igualdad_Premio_mejor_TFG-TFM-TD-2023_cartel-724x1024.png\" alt=\"Cartel\" width=\"640\" height=\"905\" srcset=\"https:\/\/igualdad.us.es\/wpblog\/wp-content\/uploads\/2023\/06\/Igualdad_Premio_mejor_TFG-TFM-TD-2023_cartel-724x1024.png 724w, https:\/\/igualdad.us.es\/wpblog\/wp-content\/uploads\/2023\/06\/Igualdad_Premio_mejor_TFG-TFM-TD-2023_cartel-212x300.png 212w, https:\/\/igualdad.us.es\/wpblog\/wp-content\/uploads\/2023\/06\/Igualdad_Premio_mejor_TFG-TFM-TD-2023_cartel-768x1086.png 768w, https:\/\/igualdad.us.es\/wpblog\/wp-content\/uploads\/2023\/06\/Igualdad_Premio_mejor_TFG-TFM-TD-2023_cartel-1086x1536.png 1086w, https:\/\/igualdad.us.es\/wpblog\/wp-content\/uploads\/2023\/06\/Igualdad_Premio_mejor_TFG-TFM-TD-2023_cartel-1448x2048.png 1448w, https:\/\/igualdad.us.es\/wpblog\/wp-content\/uploads\/2023\/06\/Igualdad_Premio_mejor_TFG-TFM-TD-2023_cartel.png 1587w\" sizes=\"auto, (max-width: 640px) 100vw, 640px\" \/><\/a><\/p>\n","protected":false},"excerpt":{"rendered":"<p>Plazo hasta el 15 de septiembre de 2023<\/p>\n","protected":false},"author":1,"featured_media":6787,"comment_status":"closed","ping_status":"closed","sticky":false,"template":"","format":"standard","meta":{"footnotes":""},"categories":[27,38],"tags":[],"class_list":["post-6781","post","type-post","status-publish","format-standard","has-post-thumbnail","hentry","category-noticia","category-premios-propios"],"gutentor_comment":0,"_links":{"self":[{"href":"https:\/\/igualdad.us.es\/wpblog\/wp-json\/wp\/v2\/posts\/6781","targetHints":{"allow":["GET"]}}],"collection":[{"href":"https:\/\/igualdad.us.es\/wpblog\/wp-json\/wp\/v2\/posts"}],"about":[{"href":"https:\/\/igualdad.us.es\/wpblog\/wp-json\/wp\/v2\/types\/post"}],"author":[{"embeddable":true,"href":"https:\/\/igualdad.us.es\/wpblog\/wp-json\/wp\/v2\/users\/1"}],"replies":[{"embeddable":true,"href":"https:\/\/igualdad.us.es\/wpblog\/wp-json\/wp\/v2\/comments?post=6781"}],"version-history":[{"count":8,"href":"https:\/\/igualdad.us.es\/wpblog\/wp-json\/wp\/v2\/posts\/6781\/revisions"}],"predecessor-version":[{"id":6874,"href":"https:\/\/igualdad.us.es\/wpblog\/wp-json\/wp\/v2\/posts\/6781\/revisions\/6874"}],"wp:featuredmedia":[{"embeddable":true,"href":"https:\/\/igualdad.us.es\/wpblog\/wp-json\/wp\/v2\/media\/6787"}],"wp:attachment":[{"href":"https:\/\/igualdad.us.es\/wpblog\/wp-json\/wp\/v2\/media?parent=6781"}],"wp:term":[{"taxonomy":"category","embeddable":true,"href":"https:\/\/igualdad.us.es\/wpblog\/wp-json\/wp\/v2\/categories?post=6781"},{"taxonomy":"post_tag","embeddable":true,"href":"https:\/\/igualdad.us.es\/wpblog\/wp-json\/wp\/v2\/tags?post=6781"}],"curies":[{"name":"wp","href":"https:\/\/api.w.org\/{rel}","templated":true}]}}