{"id":6648,"date":"2023-05-02T09:22:32","date_gmt":"2023-05-02T08:22:32","guid":{"rendered":"https:\/\/igualdad.us.es\/?p=6648"},"modified":"2023-05-03T06:19:59","modified_gmt":"2023-05-03T05:19:59","slug":"ii-jornadas-de-mujeres-arte-y-exito","status":"publish","type":"post","link":"https:\/\/igualdad.us.es\/wpblog\/ii-jornadas-de-mujeres-arte-y-exito\/","title":{"rendered":"II Jornadas De Mujeres, Arte y \u00c9xito"},"content":{"rendered":"<p><strong><span style=\"color: #993366;\">II Jornada De Mujeres, Arte y \u00c9xito. Caminos, Barreras y la creatividad y motivaci\u00f3n como elementos de ruptura<br \/>\n<\/span><\/strong><span style=\"color: #999999;\">(Iniciativa-Igualdad Ayuda.2023-29)<\/span><\/p>\n<p style=\"text-align: justify;\">Planteamos estas II Jornadas como plataforma para conocer el trabajo desarrollado por tres artistas que operan en sectores creativos diversos, algunos con poca presencia femenina. Articuladas en tres Conferencias, tres Charlas-Taller y una Mesa Redonda, son una oportunidad para sensibilizar a nuestro alumnado y que puedan conocer a trav\u00e9s de sus testimonios cu\u00e1l es la situaci\u00f3n actual de la mujer en dichos contextos creativos. Ofrecen una coyuntura perfecta para que estas artistas transmitan a nuestras alumnas qu\u00e9 estrategias han utilizado ellas para romper con estereotipos predominantes. Crear un contexto de trabajo en el que debatir acerca de las oportunidades que pueden aprovechar nuestras alumnas para iniciar un camino innovador que propicie una presencia igualitaria de mujeres y hombres en los circuitos art\u00edsticos.<\/p>\n<p style=\"text-align: justify;\">Tres mujeres con iniciativa y constancia que no se han conformado con aceptar y seguir los recorridos establecidos o convencionales, sino que han buscado sus propias trayectorias divergentes de superaci\u00f3n que les han llevado a destacar y alcanzar una gran proyecci\u00f3n e internacionalizaci\u00f3n de su trabajo creativo.<\/p>\n<p style=\"text-align: justify;\">Mujeres que vieron en cada uno de los obst\u00e1culos que se les presentaron un reto para aprender, crecer y fortalecerse en el camino y que con su participaci\u00f3n en estas jornadas quieren legar su experiencia y estrategias para que otras tambi\u00e9n contin\u00faen su andadura.<\/p>\n<p style=\"text-align: justify;\"><strong>Organiza: <\/strong>Raquel Barrionuevo-P\u00e9rez, profesora de la Universidad de Sevilla (US).<br \/>\n<strong>Colabora:<\/strong> Unidad para la Igualdad de la US.<br \/>\n<strong>Realizaci\u00f3n: <\/strong>Presencial y online el 11 y 12 de mayo de 2023, en la Sala de Juntas de la Facultad de Bellas Artes de la US.<br \/>\n<strong>Modalidad Virtual:<\/strong> Plataforma Blackboard Collaborate. Se enviar\u00e1 por e-mail el enlace previa inscripci\u00f3n.<br \/>\n<strong>Inscripciones: <\/strong>Gratuita hasta completar aforo, <span style=\"color: #993366;\"><a style=\"color: #993366;\" href=\"https:\/\/docs.google.com\/forms\/d\/e\/1FAIpQLSe4rYeCcD5Y7ntuetsNNN2u_s6LEU5XZzJLlaVhWt5ESpubNw\/viewform\" target=\"_blank\" rel=\"noopener\">aqu\u00ed<\/a><\/span><br \/>\n<strong>Publicidad: <\/strong><span style=\"color: #993366;\"><a style=\"color: #993366;\" href=\"https:\/\/igualdad.us.es\/wpblog\/wp-content\/uploads\/2023\/05\/Ayuda-2023.29_Publicidad-cartel-1.pdf\" target=\"_blank\" rel=\"noopener\">Cartel con el programa<\/a><\/span><br \/>\n<strong>M\u00e1s informaci\u00f3n:<\/strong> en el correo electr\u00f3nico <a href=\"mailto:rbarrionuevo@us.es\" target=\"_blank\" rel=\"noopener\">rbarrionuevo@us.es<\/a><\/p>\n<p style=\"text-align: justify;\"><a href=\"https:\/\/igualdad.us.es\/?page_id=6300\"><span style=\"color: #993366;\">Ver todas las iniciativas de igualdad<\/span><\/a><\/p>\n","protected":false},"excerpt":{"rendered":"<p>Presencial y online el 11 y 12 de mayo de 2023<\/p>\n","protected":false},"author":1,"featured_media":6659,"comment_status":"closed","ping_status":"closed","sticky":false,"template":"","format":"standard","meta":{"footnotes":""},"categories":[31,29,42,26,27],"tags":[],"class_list":["post-6648","post","type-post","status-publish","format-standard","has-post-thumbnail","hentry","category-actividad","category-formacion","category-formacion-iniciativa","category-iniciativa-igualdad","category-noticia"],"gutentor_comment":0,"_links":{"self":[{"href":"https:\/\/igualdad.us.es\/wpblog\/wp-json\/wp\/v2\/posts\/6648","targetHints":{"allow":["GET"]}}],"collection":[{"href":"https:\/\/igualdad.us.es\/wpblog\/wp-json\/wp\/v2\/posts"}],"about":[{"href":"https:\/\/igualdad.us.es\/wpblog\/wp-json\/wp\/v2\/types\/post"}],"author":[{"embeddable":true,"href":"https:\/\/igualdad.us.es\/wpblog\/wp-json\/wp\/v2\/users\/1"}],"replies":[{"embeddable":true,"href":"https:\/\/igualdad.us.es\/wpblog\/wp-json\/wp\/v2\/comments?post=6648"}],"version-history":[{"count":7,"href":"https:\/\/igualdad.us.es\/wpblog\/wp-json\/wp\/v2\/posts\/6648\/revisions"}],"predecessor-version":[{"id":6660,"href":"https:\/\/igualdad.us.es\/wpblog\/wp-json\/wp\/v2\/posts\/6648\/revisions\/6660"}],"wp:featuredmedia":[{"embeddable":true,"href":"https:\/\/igualdad.us.es\/wpblog\/wp-json\/wp\/v2\/media\/6659"}],"wp:attachment":[{"href":"https:\/\/igualdad.us.es\/wpblog\/wp-json\/wp\/v2\/media?parent=6648"}],"wp:term":[{"taxonomy":"category","embeddable":true,"href":"https:\/\/igualdad.us.es\/wpblog\/wp-json\/wp\/v2\/categories?post=6648"},{"taxonomy":"post_tag","embeddable":true,"href":"https:\/\/igualdad.us.es\/wpblog\/wp-json\/wp\/v2\/tags?post=6648"}],"curies":[{"name":"wp","href":"https:\/\/api.w.org\/{rel}","templated":true}]}}