{"id":6632,"date":"2023-05-25T11:23:27","date_gmt":"2023-05-25T10:23:27","guid":{"rendered":"https:\/\/igualdad.us.es\/?p=6632"},"modified":"2023-06-23T11:24:32","modified_gmt":"2023-06-23T10:24:32","slug":"concurso-de-videos-cortos-para-sensibilizacion-en-materia-de-igualdad-2023","status":"publish","type":"post","link":"https:\/\/igualdad.us.es\/wpblog\/concurso-de-videos-cortos-para-sensibilizacion-en-materia-de-igualdad-2023\/","title":{"rendered":"Concurso de v\u00eddeos cortos para sensibilizaci\u00f3n en materia de igualdad 2023"},"content":{"rendered":"<p><strong><span style=\"color: #993366;\">I Concurso de v\u00eddeos cortos para sensibilizaci\u00f3n en materia de igualdad 2023<\/span><\/strong><br \/>\n<span style=\"color: #999999;\">(Concurso-v\u00eddeos-igualdad-2023)<\/span><\/p>\n<p style=\"text-align: justify;\">La Universidad de Sevilla, a trav\u00e9s del Vicerrectorado de Servicios Sociales, Campus Saludable, Igualdad y Cooperaci\u00f3n y de la Unidad para la Igualdad, convoca el primer<strong> Concurso de v\u00eddeos cortos para sensibilizaci\u00f3n en materia de igualdad 2023, <\/strong>con el <span style=\"color: #d57186;\"><strong>Objetivo <\/strong><\/span>de otorgar premios para la realizaci\u00f3n de v\u00eddeos cortos que sensibilicen a la sociedad sevillana, en general y a la universitaria en particular, sobre la importancia de avanzar en la construcci\u00f3n de la igualdad entre mujeres y hombres y su posterior visualizaci\u00f3n en pantallas institucionales municipales y universitarias (autobuses urbanos, plasmas de centros universitarios y municipales\u2026).<\/p>\n<p style=\"text-align: justify;\"><span style=\"color: #d57186;\"><strong>\u00bb Financia:<\/strong><\/span> Ayuntamiento de Sevilla<\/p>\n<p style=\"text-align: justify;\"><span style=\"color: #d57186;\"><strong>\u00bb Requisitos para participar:\u00a0<\/strong><\/span><\/p>\n<ol>\n<li>Estar matriculada en el curso acad\u00e9mico 2022\/2023, en alguna de las titulaciones oficiales impartidas en la Universidad de Sevilla (en adelante US) y contar con el aval de un profesor o profesora de la US.<\/li>\n<li>La participaci\u00f3n podr\u00e1 ser individual o grupal. En caso de ser grupal, al menos una de las personas integrantes del grupo debe reunir el requisito del punto anterior.<\/li>\n<li>Cada participante podr\u00e1 presentar a premio un m\u00e1ximo de dos v\u00eddeos in\u00e9ditos, siendo necesario que \u00e9stos no hayan sido juzgados por otro jurado o tribunal.<\/li>\n<li>En ning\u00fan caso podr\u00e1n obtener la condici\u00f3n de beneficiarias, persona o entidades en quienes concurra alguna de las circunstancias previstas en el art\u00edculo 13.2 de la Ley 38\/2003 General de Subvenciones.<\/li>\n<\/ol>\n<p style=\"text-align: justify;\"><span style=\"color: #d57186;\"><strong>\u00bb Caracter\u00edsticas de la obra:\u00a0<\/strong><\/span><\/p>\n<ol>\n<li>Debe ser original e in\u00e9dita.<\/li>\n<li>El tema debe hacer alusi\u00f3n a la idea de igualdad entre mujeres y hombres, como material de sensibilizaci\u00f3n: igualdad de trato, prevenci\u00f3n de la violencia machista, sexualidad saludable, conciliaci\u00f3n y corresponsabilidad, estereotipos de g\u00e9nero y salud.<\/li>\n<li>La duraci\u00f3n de la producci\u00f3n audiovisual no exceder\u00e1 de 1 minuto, incluida la cortinilla, los t\u00edtulos gr\u00e1ficos y los cr\u00e9ditos, si es que estos \u00faltimos se desean hacer constar.<\/li>\n<li>a resoluci\u00f3n del v\u00eddeo ser\u00e1 de Full HD (1920 \u00d7 1080 p\u00edxeles).<\/li>\n<li>La grabaci\u00f3n del v\u00eddeo deber\u00e1 realizarse en horizontal y el idioma ser\u00e1 en castellano. Tambi\u00e9n podr\u00e1 contener subt\u00edtulos en castellano e ingl\u00e9s.<\/li>\n<li>El v\u00eddeo deber\u00e1 presentarse en un formato MPEG4, AVI o MOV.<\/li>\n<li>Todas las personas o espacios privados que aparezcan en el v\u00eddeo deben hacerlo bajo su consentimiento. En ning\u00fan caso se aceptar\u00e1n v\u00eddeos que vulneren los derechos de autor o que atenten contra un colectivo, contengan material discriminatorio y\/o vulneren la dignidad de las personas.<\/li>\n<\/ol>\n<p style=\"text-align: justify;\"><span style=\"color: #d57186;\"><strong>\u00bb Premios:<\/strong><\/span><\/p>\n<p style=\"padding-left: 40px;\"><strong>1\u00ba Premio:<\/strong> ochocientos euros (800\u20ac) brutos y diploma acreditativo.<br \/>\n<strong>2\u00ba Premio:<\/strong> cuatrocientos euros (400\u20ac) brutos y diploma acreditativo.<br \/>\n<strong>Menciones especiales<\/strong>, diploma acreditativo, sin retribuci\u00f3n econ\u00f3mica, tantas como v\u00eddeos con la suficiente calidad para ser proyectados en los espacios p\u00fablicos se consideren.<\/p>\n<p style=\"text-align: left;\"><strong><span style=\"color: #d57186;\">\u00bb Diligencia de publicaci\u00f3n<\/span>\u00a0<\/strong> <span style=\"color: #993366;\"><a style=\"color: #993366;\" href=\"https:\/\/igualdad.us.es\/wpblog\/wp-content\/uploads\/2023\/04\/Concurso-Videos-Igualdad-US-2023_Convocatoria-Diligencia.report.pdf\" target=\"_blank\" rel=\"noopener\">aqu\u00ed<\/a><\/span><\/p>\n<p style=\"text-align: left;\"><strong><span style=\"color: #d57186;\">\u00bb Bases de la convocatoria<\/span>\u00a0<\/strong> <span style=\"color: #993366;\"><a style=\"color: #993366;\" href=\"https:\/\/igualdad.us.es\/wpblog\/wp-content\/uploads\/2023\/04\/Concurso-Videos-Igualdad-US-2023_Convocatoria-Bases.report.pdf\" target=\"_blank\" rel=\"noopener\">aqu\u00ed<\/a><\/span><\/p>\n<p><span style=\"color: #d57186;\"><strong>\u00bb Solicitud (Anexo I)\u00a0<\/strong><\/span> <span style=\"color: #993366;\"><a style=\"color: #993366;\" href=\"https:\/\/igualdad.us.es\/wpblog\/wp-content\/uploads\/2023\/04\/Concurso-Videos-Igualdad-US-2023_Convocatoria-Solicitud-Anexo-1.docx\" target=\"_blank\" rel=\"noopener\">aqu\u00ed<\/a><\/span><\/p>\n<p><span style=\"color: #d57186;\"><strong>\u00bb Modelo de aval\u00a0<\/strong><\/span> <span style=\"color: #993366;\"><a style=\"color: #993366;\" href=\"https:\/\/igualdad.us.es\/wpblog\/wp-content\/uploads\/2023\/04\/Concurso-Videos-Igualdad-US-2023_modelo-aval.docx\" target=\"_blank\" rel=\"noopener\">aqu\u00ed<\/a><\/span><\/p>\n<p><span style=\"color: #3f9397;\"><span style=\"color: #d57186;\"><strong>\u00bb Plazo de presentaci\u00f3n de solicitudes:<\/strong><\/span>\u00a0<\/span> <del>hasta el <strong><del>2<\/del>6 de mayo de 2023<\/strong><\/del>. <span style=\"color: #d57186; font-size: 12pt;\"><strong>AMPLIADO HASTA EL 12 DE JUNIO DE 2023<\/strong><\/span><\/p>\n<p><a href=\"https:\/\/igualdad.us.es\/wpblog\/wp-content\/uploads\/2023\/05\/Concurso-Videos-Igualdad-2023_cartel-Plazo-ampliado.png\" target=\"_blank\" rel=\"noopener\"><img loading=\"lazy\" decoding=\"async\" class=\"aligncenter wp-image-6720 size-large\" src=\"https:\/\/igualdad.us.es\/wpblog\/wp-content\/uploads\/2023\/05\/Concurso-Videos-Igualdad-2023_cartel-Plazo-ampliado-1024x512.png\" alt=\"\" width=\"640\" height=\"320\" srcset=\"https:\/\/igualdad.us.es\/wpblog\/wp-content\/uploads\/2023\/05\/Concurso-Videos-Igualdad-2023_cartel-Plazo-ampliado-1024x512.png 1024w, https:\/\/igualdad.us.es\/wpblog\/wp-content\/uploads\/2023\/05\/Concurso-Videos-Igualdad-2023_cartel-Plazo-ampliado-300x150.png 300w, https:\/\/igualdad.us.es\/wpblog\/wp-content\/uploads\/2023\/05\/Concurso-Videos-Igualdad-2023_cartel-Plazo-ampliado-768x384.png 768w, https:\/\/igualdad.us.es\/wpblog\/wp-content\/uploads\/2023\/05\/Concurso-Videos-Igualdad-2023_cartel-Plazo-ampliado-1536x768.png 1536w, https:\/\/igualdad.us.es\/wpblog\/wp-content\/uploads\/2023\/05\/Concurso-Videos-Igualdad-2023_cartel-Plazo-ampliado-2048x1024.png 2048w\" sizes=\"auto, (max-width: 640px) 100vw, 640px\" \/><\/a><\/p>\n<p>&nbsp;<\/p>\n<p>&nbsp;<\/p>\n","protected":false},"excerpt":{"rendered":"<p>Plazo AMPLIADO HASTA EL 12 DE JUNIO DE 2023<\/p>\n","protected":false},"author":1,"featured_media":6633,"comment_status":"closed","ping_status":"closed","sticky":false,"template":"","format":"standard","meta":{"footnotes":""},"categories":[27,35,38,36],"tags":[],"class_list":["post-6632","post","type-post","status-publish","format-standard","has-post-thumbnail","hentry","category-noticia","category-premios","category-premios-propios","category-premios-us"],"gutentor_comment":0,"_links":{"self":[{"href":"https:\/\/igualdad.us.es\/wpblog\/wp-json\/wp\/v2\/posts\/6632","targetHints":{"allow":["GET"]}}],"collection":[{"href":"https:\/\/igualdad.us.es\/wpblog\/wp-json\/wp\/v2\/posts"}],"about":[{"href":"https:\/\/igualdad.us.es\/wpblog\/wp-json\/wp\/v2\/types\/post"}],"author":[{"embeddable":true,"href":"https:\/\/igualdad.us.es\/wpblog\/wp-json\/wp\/v2\/users\/1"}],"replies":[{"embeddable":true,"href":"https:\/\/igualdad.us.es\/wpblog\/wp-json\/wp\/v2\/comments?post=6632"}],"version-history":[{"count":14,"href":"https:\/\/igualdad.us.es\/wpblog\/wp-json\/wp\/v2\/posts\/6632\/revisions"}],"predecessor-version":[{"id":6721,"href":"https:\/\/igualdad.us.es\/wpblog\/wp-json\/wp\/v2\/posts\/6632\/revisions\/6721"}],"wp:featuredmedia":[{"embeddable":true,"href":"https:\/\/igualdad.us.es\/wpblog\/wp-json\/wp\/v2\/media\/6633"}],"wp:attachment":[{"href":"https:\/\/igualdad.us.es\/wpblog\/wp-json\/wp\/v2\/media?parent=6632"}],"wp:term":[{"taxonomy":"category","embeddable":true,"href":"https:\/\/igualdad.us.es\/wpblog\/wp-json\/wp\/v2\/categories?post=6632"},{"taxonomy":"post_tag","embeddable":true,"href":"https:\/\/igualdad.us.es\/wpblog\/wp-json\/wp\/v2\/tags?post=6632"}],"curies":[{"name":"wp","href":"https:\/\/api.w.org\/{rel}","templated":true}]}}