{"id":6121,"date":"2022-10-24T09:59:37","date_gmt":"2022-10-24T08:59:37","guid":{"rendered":"https:\/\/igualdad.us.es\/?p=6121"},"modified":"2022-10-24T13:10:17","modified_gmt":"2022-10-24T12:10:17","slug":"jornadas-mujeres-migrantes-esencialespero-invisibles","status":"publish","type":"post","link":"https:\/\/igualdad.us.es\/wpblog\/jornadas-mujeres-migrantes-esencialespero-invisibles\/","title":{"rendered":"Jornadas Mujeres Migrantes, esenciales\u2026pero invisibles"},"content":{"rendered":"<p><span style=\"color: #993366;\"><strong><span style=\"color: #993366;\">Jornadas Universitarias Derecho a los cuidados y mujeres migrantes&#8230;esenciales pero invisibles<br \/>\n<\/span><\/strong><\/span><span style=\"color: #999999;\">(Iniciativa-Igualdad Subvenci\u00f3n.2022-12)<\/span><\/p>\n<p style=\"text-align: justify;\">Estas jornadas se enmarcan en el <strong>proyecto<\/strong> titulado <strong>\u00abCui-dadan\u00eda Global: construyendo una propuesta de derecho a los cuidados en Andaluc\u00eda desde una perspectiva intercultural y transnacional\u00bb<\/strong> que tiene como <strong>objetivo<\/strong> fortalecer la capacidad colectiva (querer, saber y poder) de la ciudadan\u00eda andaluza de incidir en la configuraci\u00f3n de un sistema universal de derechos vinculados a los cuidados construidos desde una perspectiva intercultural\/transnacional.<\/p>\n<p>En golobada en las jornadas, tambien se podr\u00e1 visitar la <strong>exposici\u00f3n fotogr\u00e1fica \u00ablas tontines de mujeres africanas\u00bb,<\/strong> del 7 al 11 de noviembre de 2022 en la Facultad de Psicolog\u00eda de la US.<\/p>\n<p><strong>Programa<\/strong><\/p>\n<p><strong>1\u00aa Sesi\u00f3n: Mi\u00e9rcoles 9 de Noviembre (16:00 a 20:00 Aula M\u00e1ster 2)<\/strong><\/p>\n<p style=\"padding-left: 40px;\"><strong>\u00bfQu\u00e9 son los derechos a los cuidados? <\/strong><br \/>\n\u00c1lvaro Ruiz y Astrid Agenjo (Grupo GEP&amp;DO).<\/p>\n<p><strong>2\u00aa Sesi\u00f3n: Jueves 10 de Noviembre (10:00 a 14:00 Aula de Grados)<\/strong><\/p>\n<p style=\"padding-left: 40px;\"><strong>Econom\u00eda de los cuidados: cuando la vida est\u00e1 en el centro.<\/strong><br \/>\n<strong>\u00b7 Cosmovisiones culturales de los cuidados.<\/strong><br \/>\nCuidados Decoloniales y Buen Vivir. Valentina Salinas, experta en feminismos latinoamericanos.<br \/>\nUbuntu y los Patios de Vecinas en Andaluc\u00eda. Inma Ceballos, antrop\u00f3loga feminista.<\/p>\n<p style=\"padding-left: 40px;\"><strong>\u00b7 Derechos laborales: las mujeres migrantes como motor de la vida.<\/strong><br \/>\nLucha y logros del empleo del hogar en Espa\u00f1a: Convenio 189 y derecho a paro. Cecilia Espino, Asoc. Empleadas del Hogar Sevilla.<br \/>\nMujeres migrantes jornaleras: la invisibilidad del campo. Nora ElHadramy, activista.<br \/>\nMujeres negroafricanas j\u00f3venes en Andaluc\u00eda: experiencia y perspectivas a futuro. Nathalia D\u00edaz, activista experta en g\u00e9nero.<\/p>\n<p><strong>3\u00aa Sesi\u00f3n: Jueves 10 de Noviembre (16:00 a 20:00 Aula 6)<\/strong><\/p>\n<p style=\"padding-left: 40px;\"><strong>Realidades de las mujeres migrantes en su cotidianidad.<\/strong><\/p>\n<p style=\"padding-left: 40px;\"><strong>\u00b7 Violencia de g\u00e9nero: integrando una perspectiva interseccional.<\/strong><br \/>\nNathalia D\u00edaz, activista experta en g\u00e9nero.<br \/>\n<strong>\u00b7 Bibliotecas humanas: experiencias de cuidados.<\/strong><br \/>\nJessica Lisbeth, Mujeres Supervivientes.<br \/>\nFatou Ndiaye, Maternidades negroafricanas.<br \/>\nMiriam Tormo, monomarentalidad.<br \/>\nAlicia P\u00e9rez, ciudades cuidadoras.<br \/>\n\u00c1lvaro Ruiz, nuevas masculinidades.<\/p>\n<p><strong>Organiza: <\/strong>Fundaci\u00f3n Alianza por los Derechos la Igualdad y la Solidaridad Internacional (Andaluc\u00eda)<br \/>\n<strong>Colabora:<\/strong><span class=\"texto_gris\"> Unidad para la Igualdad de la US<\/span>.<br \/>\n<strong>Realizaci\u00f3n:\u00a0 <\/strong>Presencial, 9 y 10 de Noviembre de 2022 en el Aula 5 y Aula de Grados de la Facultad de Psicolog\u00eda de la US<br \/>\n<strong>Inscripci\u00f3n:<\/strong> Gratuita y hasta agotar plazas, previa inscripci\u00f3n <span style=\"color: #993366;\"><a style=\"color: #993366;\" href=\"https:\/\/forms.office.com\/r\/qHtidYzA93\" target=\"_blank\" rel=\"noopener\">aqu\u00ed<\/a><\/span><br \/>\n<strong>Publicidad:<\/strong> <span style=\"color: #993366;\"><a style=\"color: #993366;\" href=\"https:\/\/igualdad.us.es\/wpblog\/wp-content\/uploads\/2022\/10\/Subvencion.2022-12_Publicidad-cartel-jornada-1.jpg\" target=\"_blank\" rel=\"noopener\">Cartel de las jornadas <\/a><\/span>&#8211; <a href=\"https:\/\/igualdad.us.es\/wpblog\/wp-content\/uploads\/2022\/10\/Subvencion.2022-12_Publicidad-cartel-exposicion.png\" target=\"_blank\" rel=\"noopener\"><span style=\"color: #993366;\">Cartel de la exposici\u00f3n<\/span><\/a><br \/>\n<strong>+ Informaci\u00f3n o duda:<\/strong> <a href=\"mailto:andalucia@aporsolidaridad.org\" target=\"_blank\" rel=\"noopener\">andalucia@aporsolidaridad.org<\/a><\/p>\n<p><span style=\"color: #993366;\"><a style=\"color: #993366;\" href=\"https:\/\/igualdad.us.es\/?page_id=5509\">Ver <span style=\"color: #993366;\">todas<\/span> las iniciativas de igualdad<\/a><\/span><\/p>\n","protected":false},"excerpt":{"rendered":"<p>Jornada: Presencial 9 y 10 de Noviembre de 2022. Exposici\u00f3n 7 al 11 de noviembre<\/p>\n","protected":false},"author":1,"featured_media":6122,"comment_status":"closed","ping_status":"closed","sticky":false,"template":"","format":"standard","meta":{"footnotes":""},"categories":[31,29,42,26,27],"tags":[],"class_list":["post-6121","post","type-post","status-publish","format-standard","has-post-thumbnail","hentry","category-actividad","category-formacion","category-formacion-iniciativa","category-iniciativa-igualdad","category-noticia"],"gutentor_comment":0,"_links":{"self":[{"href":"https:\/\/igualdad.us.es\/wpblog\/wp-json\/wp\/v2\/posts\/6121","targetHints":{"allow":["GET"]}}],"collection":[{"href":"https:\/\/igualdad.us.es\/wpblog\/wp-json\/wp\/v2\/posts"}],"about":[{"href":"https:\/\/igualdad.us.es\/wpblog\/wp-json\/wp\/v2\/types\/post"}],"author":[{"embeddable":true,"href":"https:\/\/igualdad.us.es\/wpblog\/wp-json\/wp\/v2\/users\/1"}],"replies":[{"embeddable":true,"href":"https:\/\/igualdad.us.es\/wpblog\/wp-json\/wp\/v2\/comments?post=6121"}],"version-history":[{"count":8,"href":"https:\/\/igualdad.us.es\/wpblog\/wp-json\/wp\/v2\/posts\/6121\/revisions"}],"predecessor-version":[{"id":6161,"href":"https:\/\/igualdad.us.es\/wpblog\/wp-json\/wp\/v2\/posts\/6121\/revisions\/6161"}],"wp:featuredmedia":[{"embeddable":true,"href":"https:\/\/igualdad.us.es\/wpblog\/wp-json\/wp\/v2\/media\/6122"}],"wp:attachment":[{"href":"https:\/\/igualdad.us.es\/wpblog\/wp-json\/wp\/v2\/media?parent=6121"}],"wp:term":[{"taxonomy":"category","embeddable":true,"href":"https:\/\/igualdad.us.es\/wpblog\/wp-json\/wp\/v2\/categories?post=6121"},{"taxonomy":"post_tag","embeddable":true,"href":"https:\/\/igualdad.us.es\/wpblog\/wp-json\/wp\/v2\/tags?post=6121"}],"curies":[{"name":"wp","href":"https:\/\/api.w.org\/{rel}","templated":true}]}}