{"id":5860,"date":"2022-05-27T13:00:51","date_gmt":"2022-05-27T12:00:51","guid":{"rendered":"https:\/\/igualdad.us.es\/?p=5860"},"modified":"2022-05-27T13:00:51","modified_gmt":"2022-05-27T12:00:51","slug":"mesas-redondas-el-papel-de-las-mujeres-en-la-economia","status":"publish","type":"post","link":"https:\/\/igualdad.us.es\/wpblog\/mesas-redondas-el-papel-de-las-mujeres-en-la-economia\/","title":{"rendered":"Mesas redondas \u00abEl papel de las Mujeres en la Econom\u00eda\u00bb"},"content":{"rendered":"<p><strong><span style=\"color: #993366;\">Mesas redondas \u00abEl papel de las Mujeres en la Econom\u00eda\u00bb<\/span><\/strong><br \/>\n<span style=\"color: #999999;\">(Colaboraci\u00f3n-2022)<\/span><\/p>\n<p><strong>Intervienen:<\/strong><\/p>\n<p style=\"padding-left: 40px;\">Dra. Miren Etxezarreta Zubizarreta.<br \/>\nCatedr\u00e1tica em\u00e9rita de Econom\u00eda Aplicada en la Universidad Aut\u00f3noma de Barcelona<\/p>\n<p style=\"padding-left: 40px;\">Dra. Maria-Carmen Guis\u00e1n Seijas<br \/>\nCatedr\u00e1tica de Econometr\u00eda de la USC<\/p>\n<p style=\"padding-left: 40px;\">Dra. Mar\u00eda del P\u00f3pulo Pablo-Romero Gil-Delgado<br \/>\nCatedr\u00e1tica de Econom\u00eda Aplicada en la Universidad de Sevilla<\/p>\n<p style=\"padding-left: 40px;\">D\u00f1a. Patrocinio Tello Casas<br \/>\nAsesora de Econom\u00eda Espa\u00f1ola en la Direcci\u00f3n General de Econom\u00eda y Estad\u00edstica del Banco de Espa\u00f1a<\/p>\n<p style=\"padding-left: 40px;\">Moderadora: Dra. Teresa Duarte Atoche<br \/>\nVicedecana de Estudiantes, Egresados e Innovaci\u00f3n Docente<\/p>\n<p><strong>Fecha:<\/strong> Presencial el 31 de mayo de 2022, a las 11:30 horas en el Sal\u00f3n de Grados de la Facultad de Ciencias Econ\u00f3micas y Empresariales.<\/p>\n<p><strong>Publicidad:<\/strong> <span style=\"color: #993366;\"><a style=\"color: #993366;\" href=\"https:\/\/igualdad.us.es\/wpblog\/wp-content\/uploads\/2022\/05\/Campana_11F-2022_UIgualdad-MesasRedondas-cartel_2022-05-31.pdf\" target=\"_blank\" rel=\"noopener\">Cartel<\/a><\/span><\/p>\n","protected":false},"excerpt":{"rendered":"<p>Presencial el 31 de mayo de 2022<\/p>\n","protected":false},"author":1,"featured_media":5863,"comment_status":"closed","ping_status":"closed","sticky":false,"template":"","format":"standard","meta":{"footnotes":""},"categories":[31,43,29,44,27],"tags":[],"class_list":["post-5860","post","type-post","status-publish","format-standard","has-post-thumbnail","hentry","category-actividad","category-actividad-colaboracion","category-formacion","category-formacion-colaboracion","category-noticia"],"gutentor_comment":0,"_links":{"self":[{"href":"https:\/\/igualdad.us.es\/wpblog\/wp-json\/wp\/v2\/posts\/5860","targetHints":{"allow":["GET"]}}],"collection":[{"href":"https:\/\/igualdad.us.es\/wpblog\/wp-json\/wp\/v2\/posts"}],"about":[{"href":"https:\/\/igualdad.us.es\/wpblog\/wp-json\/wp\/v2\/types\/post"}],"author":[{"embeddable":true,"href":"https:\/\/igualdad.us.es\/wpblog\/wp-json\/wp\/v2\/users\/1"}],"replies":[{"embeddable":true,"href":"https:\/\/igualdad.us.es\/wpblog\/wp-json\/wp\/v2\/comments?post=5860"}],"version-history":[{"count":2,"href":"https:\/\/igualdad.us.es\/wpblog\/wp-json\/wp\/v2\/posts\/5860\/revisions"}],"predecessor-version":[{"id":5864,"href":"https:\/\/igualdad.us.es\/wpblog\/wp-json\/wp\/v2\/posts\/5860\/revisions\/5864"}],"wp:featuredmedia":[{"embeddable":true,"href":"https:\/\/igualdad.us.es\/wpblog\/wp-json\/wp\/v2\/media\/5863"}],"wp:attachment":[{"href":"https:\/\/igualdad.us.es\/wpblog\/wp-json\/wp\/v2\/media?parent=5860"}],"wp:term":[{"taxonomy":"category","embeddable":true,"href":"https:\/\/igualdad.us.es\/wpblog\/wp-json\/wp\/v2\/categories?post=5860"},{"taxonomy":"post_tag","embeddable":true,"href":"https:\/\/igualdad.us.es\/wpblog\/wp-json\/wp\/v2\/tags?post=5860"}],"curies":[{"name":"wp","href":"https:\/\/api.w.org\/{rel}","templated":true}]}}