{"id":5810,"date":"2021-05-10T07:48:47","date_gmt":"2021-05-10T06:48:47","guid":{"rendered":"https:\/\/igualdad.us.es\/?p=5810"},"modified":"2024-10-18T09:46:45","modified_gmt":"2024-10-18T08:46:45","slug":"guia-sobre-la-diversidad-sexual-y-la-identidad-de-genero-en-la-us","status":"publish","type":"post","link":"https:\/\/igualdad.us.es\/wpblog\/guia-sobre-la-diversidad-sexual-y-la-identidad-de-genero-en-la-us\/","title":{"rendered":"Gu\u00eda sobre la diversidad sexual y la identidad de g\u00e9nero en la US"},"content":{"rendered":"<p>Esta gu\u00eda va dirigida a la comunidad universitaria y personas dedicadas a la gesti\u00f3n de la diversidd en la educaci\u00f3n superior pretendiendo servir como recurso de orientaci\u00f3n en asuntos de diversidad sexual y de g\u00e9nero. Comienza clarificando los conceptos de sexo, g\u00e9nero, expresi\u00f3n de g\u00e9nero y orientaci\u00f3n sexual para dar a conocer al\/la lector\/a qu\u00e9 son, c\u00f3mo interact\u00faan entre s\u00ed, en qu\u00e9 se diferencian y cu\u00e1l es su relaci\u00f3n con la manera en la que las personas se sienten y en la que se relacionan. En segundo lugar, hace una breve descripci\u00f3n de algunas de las situaciones que puede vivir el alumnado como consecuencia de su identidad de g\u00e9nero y\/o orientaci\u00f3n sexual y las limitaciones con las que se pueden encontrar en la Universidad, as\u00ed como las preocupaciones y experiencias del PAS y PDI. Esta secci\u00f3n incluye algunas citas para ilustrar la experiencia del alumnado que, aunque no pertenecen a la Universidad de Sevilla, sus experiencias pueden ser parecidas en cualquier \u00e1mbito educativo. Despu\u00e9s se describen iniciativas que se pueden promover, desde el trato entre personal y alumnado hasta las acciones por parte de la instituci\u00f3n para crear un entorno m\u00e1s inclusivo, introduciendo previamente el marco legal de referencia. La gu\u00eda concluye llamando a la necesidad de promover buenas pr\u00e1cticas capaces de prevenir situaciones negativas y discriminatorias en la Universidad.<\/p>\n<p>Gu\u00eda elaborada en la\u00a0<a href=\"https:\/\/igualdad.us.es\/?page_id=3843\" data-type=\"URL\" data-id=\"https:\/\/igualdad.us.es\/?page_id=3843\">Convocatoria de Ayudas para el Desarrollo de Iniciativas en Materia de Igualdad de G\u00e9nero 2020<\/a> de la Universidad de Sevilla,y realizada por Sara L\u00f3pez Corlett, Donatella Di Marco y Alicia Arenas. (Ref. Ayuda-2020.13753)<\/p>\n<figure id=\"attachment_5812\" aria-describedby=\"caption-attachment-5812\" style=\"width: 300px\" class=\"wp-caption aligncenter\"><a href=\"https:\/\/igualdad.us.es\/wpblog\/wp-content\/uploads\/2022\/05\/Guia-diversidad-sexual-identidad-genero-US.pdf\" target=\"_blank\" rel=\"noopener\"><img loading=\"lazy\" decoding=\"async\" class=\"wp-image-5812 size-medium\" src=\"https:\/\/igualdad.us.es\/wpblog\/wp-content\/uploads\/2022\/05\/Ayuda-13753_MEMORIA-FINAL_Guia-diversidad-sexual-identidad-genero-US_portada-300x211.png\" alt=\"\" width=\"300\" height=\"211\" srcset=\"https:\/\/igualdad.us.es\/wpblog\/wp-content\/uploads\/2022\/05\/Ayuda-13753_MEMORIA-FINAL_Guia-diversidad-sexual-identidad-genero-US_portada-300x211.png 300w, https:\/\/igualdad.us.es\/wpblog\/wp-content\/uploads\/2022\/05\/Ayuda-13753_MEMORIA-FINAL_Guia-diversidad-sexual-identidad-genero-US_portada-1024x720.png 1024w, https:\/\/igualdad.us.es\/wpblog\/wp-content\/uploads\/2022\/05\/Ayuda-13753_MEMORIA-FINAL_Guia-diversidad-sexual-identidad-genero-US_portada-768x540.png 768w, https:\/\/igualdad.us.es\/wpblog\/wp-content\/uploads\/2022\/05\/Ayuda-13753_MEMORIA-FINAL_Guia-diversidad-sexual-identidad-genero-US_portada-340x240.png 340w, https:\/\/igualdad.us.es\/wpblog\/wp-content\/uploads\/2022\/05\/Ayuda-13753_MEMORIA-FINAL_Guia-diversidad-sexual-identidad-genero-US_portada.png 1134w\" sizes=\"auto, (max-width: 300px) 100vw, 300px\" \/><\/a><figcaption id=\"caption-attachment-5812\" class=\"wp-caption-text\">Descargar Gu\u00eda (pdf 3,.4Mb)<\/figcaption><\/figure>\n<p>Tambien pudes descargarla desde la Editorial de la US <a href=\"https:\/\/editorial.us.es\/es\/detalle-libro\/720280\/guia-sobre-la-diversidad-sexual-y-la-identidad-de-genero-en-la-universidad-de-sevilla\" target=\"_blank\" rel=\"noopener\">aqu\u00ed<\/a><\/p>\n","protected":false},"excerpt":{"rendered":"<p>.<\/p>\n","protected":false},"author":1,"featured_media":5811,"comment_status":"closed","ping_status":"closed","sticky":false,"template":"","format":"standard","meta":{"footnotes":""},"categories":[29,42,27],"tags":[],"class_list":["post-5810","post","type-post","status-publish","format-standard","has-post-thumbnail","hentry","category-formacion","category-formacion-iniciativa","category-noticia"],"gutentor_comment":0,"_links":{"self":[{"href":"https:\/\/igualdad.us.es\/wpblog\/wp-json\/wp\/v2\/posts\/5810","targetHints":{"allow":["GET"]}}],"collection":[{"href":"https:\/\/igualdad.us.es\/wpblog\/wp-json\/wp\/v2\/posts"}],"about":[{"href":"https:\/\/igualdad.us.es\/wpblog\/wp-json\/wp\/v2\/types\/post"}],"author":[{"embeddable":true,"href":"https:\/\/igualdad.us.es\/wpblog\/wp-json\/wp\/v2\/users\/1"}],"replies":[{"embeddable":true,"href":"https:\/\/igualdad.us.es\/wpblog\/wp-json\/wp\/v2\/comments?post=5810"}],"version-history":[{"count":4,"href":"https:\/\/igualdad.us.es\/wpblog\/wp-json\/wp\/v2\/posts\/5810\/revisions"}],"predecessor-version":[{"id":5817,"href":"https:\/\/igualdad.us.es\/wpblog\/wp-json\/wp\/v2\/posts\/5810\/revisions\/5817"}],"wp:featuredmedia":[{"embeddable":true,"href":"https:\/\/igualdad.us.es\/wpblog\/wp-json\/wp\/v2\/media\/5811"}],"wp:attachment":[{"href":"https:\/\/igualdad.us.es\/wpblog\/wp-json\/wp\/v2\/media?parent=5810"}],"wp:term":[{"taxonomy":"category","embeddable":true,"href":"https:\/\/igualdad.us.es\/wpblog\/wp-json\/wp\/v2\/categories?post=5810"},{"taxonomy":"post_tag","embeddable":true,"href":"https:\/\/igualdad.us.es\/wpblog\/wp-json\/wp\/v2\/tags?post=5810"}],"curies":[{"name":"wp","href":"https:\/\/api.w.org\/{rel}","templated":true}]}}