{"id":5657,"date":"2022-03-07T10:19:12","date_gmt":"2022-03-07T09:19:12","guid":{"rendered":"https:\/\/igualdad.us.es\/?p=5657"},"modified":"2022-03-09T10:27:31","modified_gmt":"2022-03-09T09:27:31","slug":"iradiando-igualdad-4x04","status":"publish","type":"post","link":"https:\/\/igualdad.us.es\/wpblog\/iradiando-igualdad-4x04\/","title":{"rendered":"iRadiando Igualdad 4&#215;04"},"content":{"rendered":"<p><strong><span style=\"color: #993366;\"><span class=\"episodioTit\">iRadiando <span style=\"color: #993366;\">Igualdad<\/span> 4&#215;04: Especial 11F en la US<\/span><\/span><\/strong><br \/>\n<span style=\"color: #999999;\">(Actividad-2022)<\/span><\/p>\n<p>Con motivo del <strong>11F, D\u00eda Internacional de la Mujer y la Ni\u00f1a en la Ciencia<\/strong>, la Universidad de Sevilla se compromete a visibilizar el papel de las mujeres en las disciplinas cient\u00edficas y t\u00e9cnicas. Escuchamos <strong>poemas que reconocen la labor de cient\u00edficas c\u00e9lebres, \u201cA hombros de gigantas<\/strong>\u201d. Conocemos a la profesora <strong>Rosario Chaza Chimeno<\/strong>, <strong>Directora de la Escuela T\u00e9cnica Superior de Ingenier\u00eda de Edificaci\u00f3n<\/strong>. Dialogamos sobre la <strong>brecha de g\u00e9nero en Ciencias con Josefa Masegosa Gallego<\/strong>,<strong> In\u00e9s Galindo Jim\u00e9nez, Laura Lechuga G\u00f3mez, Carmen Mu\u00f1oz Ferreiro, Paloma Peinado Aguayo, Julia Cort\u00e9s Delgado, Zaida Muxi Mart\u00ednez y Andrea Madalina Oprescu<\/strong>. Finalmente, todas las noticias en materia de g\u00e9nero.<\/p>\n<p style=\"padding-left: 30px; text-align: justify;\"><a href=\"https:\/\/radio.us.es\/episodio\/i-radiando-igualdad-episodio-4x04-11f-dia-internacional-de-la-mujer-y-la-nina-en-la-ciencia-brecha-de-genero\/\" target=\"_blank\" rel=\"noopener\"><span style=\"color: #993366;\">Esc\u00fachalo aqu\u00ed<\/span> <img loading=\"lazy\" decoding=\"async\" class=\"size-full wp-image-923 alignnone\" src=\"https:\/\/igualdad.us.es\/wpblog\/wp-content\/uploads\/2018\/05\/microfono_20x20.png\" alt=\"\" width=\"20\" height=\"26\" \/><\/a> &#8211; <a href=\"https:\/\/radio.us.es\/wp-content\/uploads\/2022\/03\/programa04x04final-1.mp3\" target=\"_blank\" rel=\"noopener\"><span style=\"color: #993366;\">Desc\u00e1rgalo aqu\u00ed<\/span> <img loading=\"lazy\" decoding=\"async\" class=\"size-full wp-image-925 alignnone\" src=\"https:\/\/igualdad.us.es\/wpblog\/wp-content\/uploads\/2018\/05\/descarga_20x20.png\" alt=\"\" width=\"20\" height=\"19\" \/><\/a><\/p>\n<p>Para el resto de programas pulsa <a href=\"https:\/\/igualdad.us.es\/?page_id=1861\"><span style=\"color: #993366;\">aqu\u00ed<\/span><\/a><\/p>\n","protected":false},"excerpt":{"rendered":"<p>Especial 11F en la US<\/p>\n","protected":false},"author":1,"featured_media":2082,"comment_status":"closed","ping_status":"closed","sticky":false,"template":"","format":"standard","meta":{"footnotes":""},"categories":[31,39,27],"tags":[],"class_list":["post-5657","post","type-post","status-publish","format-standard","has-post-thumbnail","hentry","category-actividad","category-actividad-propia","category-noticia"],"gutentor_comment":0,"_links":{"self":[{"href":"https:\/\/igualdad.us.es\/wpblog\/wp-json\/wp\/v2\/posts\/5657","targetHints":{"allow":["GET"]}}],"collection":[{"href":"https:\/\/igualdad.us.es\/wpblog\/wp-json\/wp\/v2\/posts"}],"about":[{"href":"https:\/\/igualdad.us.es\/wpblog\/wp-json\/wp\/v2\/types\/post"}],"author":[{"embeddable":true,"href":"https:\/\/igualdad.us.es\/wpblog\/wp-json\/wp\/v2\/users\/1"}],"replies":[{"embeddable":true,"href":"https:\/\/igualdad.us.es\/wpblog\/wp-json\/wp\/v2\/comments?post=5657"}],"version-history":[{"count":2,"href":"https:\/\/igualdad.us.es\/wpblog\/wp-json\/wp\/v2\/posts\/5657\/revisions"}],"predecessor-version":[{"id":5659,"href":"https:\/\/igualdad.us.es\/wpblog\/wp-json\/wp\/v2\/posts\/5657\/revisions\/5659"}],"wp:featuredmedia":[{"embeddable":true,"href":"https:\/\/igualdad.us.es\/wpblog\/wp-json\/wp\/v2\/media\/2082"}],"wp:attachment":[{"href":"https:\/\/igualdad.us.es\/wpblog\/wp-json\/wp\/v2\/media?parent=5657"}],"wp:term":[{"taxonomy":"category","embeddable":true,"href":"https:\/\/igualdad.us.es\/wpblog\/wp-json\/wp\/v2\/categories?post=5657"},{"taxonomy":"post_tag","embeddable":true,"href":"https:\/\/igualdad.us.es\/wpblog\/wp-json\/wp\/v2\/tags?post=5657"}],"curies":[{"name":"wp","href":"https:\/\/api.w.org\/{rel}","templated":true}]}}