{"id":5561,"date":"2022-02-08T18:12:53","date_gmt":"2022-02-08T17:12:53","guid":{"rendered":"https:\/\/igualdad.us.es\/?p=5561"},"modified":"2022-03-09T11:01:35","modified_gmt":"2022-03-09T10:01:35","slug":"jornada-sobre-igualdad-salarial-entre-mujeres-y-hombres","status":"publish","type":"post","link":"https:\/\/igualdad.us.es\/wpblog\/jornada-sobre-igualdad-salarial-entre-mujeres-y-hombres\/","title":{"rendered":"Encuentros territoriales por la igualdad 2022"},"content":{"rendered":"<p><strong><span style=\"color: #993366;\">Encuentros territoriales por la igualdad 2022<\/span><\/strong><br \/>\n<span style=\"color: #999999;\">(Externo-2022)<\/span><\/p>\n<p>Para\u00a0 la conmemoraci\u00f3n del 8 de Marzo de 2022 la Direcci\u00f3n General de Igualdad del Excmo. Ayuntamiento de Sevilla tiene prevista la celebraci\u00f3n, entre otras actuaciones, de <strong>seis Encuentros Territoriales por la Igualdad<\/strong>, que se desarrollar\u00e1n en distintas zonas de la ciudad.<\/p>\n<p>La <strong>Unidad para la Igualdad de la US<\/strong>, a trav\u00e9s de su directora <strong>Rosa Casado<\/strong>, participar\u00e1 en el <strong>encuetro del 19 de marzo \u00abMujer y Cuidados\u00bb<\/strong>\u00a0 con la ponencia <strong>\u00abMujeres que cuidan, \u00bfcu\u00e1nta salud se juegan?<\/strong><\/p>\n<p>Estos <strong>seis Encuentros Territoriales<\/strong> por la Igualdad son las siguientes:<\/p>\n<ul>\n<li><a href=\"https:\/\/www.sevilla.org\/servicios\/mujer-igualdad\/campanas-de-sensibilizacion\/8-marzo\/8-marzo-2022\/encuentro-jornada-22-febrero\" target=\"_blank\" rel=\"noopener\"><strong>Encuentro-Jornada 22-Febrero<\/strong><\/a>: <strong>D\u00eda Europeo x la Igualdad Salarial entre H y M, <\/strong>Hogar V. de los Reyes.<\/li>\n<li><a href=\"https:\/\/www.sevilla.org\/servicios\/mujer-igualdad\/campanas-de-sensibilizacion\/8-marzo\/8-marzo-2022\/encuentro-jornada-2-marzo\" target=\"_blank\" rel=\"noopener\"><strong>Encuentro-Jornada 2-Marzo<\/strong><\/a>: <strong>\u00abUrbanismo y G\u00e9nero\u00bb<\/strong>, zona Casco Antiguo.<\/li>\n<li><a href=\"https:\/\/www.sevilla.org\/servicios\/mujer-igualdad\/campanas-de-sensibilizacion\/8-marzo\/8-marzo-2022\/encuentro-por-la-igualdad-acto-central-5-marzo-parque-alamillo\" target=\"_blank\" rel=\"noopener\"><strong>VI Encuentro por la Igualdad 5-Marzo<\/strong><\/a>, <strong>ACTO CENTRAL 8-M<\/strong>; Cortijo del Alamillo<\/li>\n<li><a href=\"https:\/\/www.sevilla.org\/servicios\/mujer-igualdad\/campanas-de-sensibilizacion\/8-marzo\/8-marzo-2022\/12-marzo-i-feria-del-libro-feminista-de-sevilla\" target=\"_blank\" rel=\"noopener\"><strong>Encuentro 12-Marzo<\/strong><\/a>:<strong> \u00abI Feria del Libro Feminista de Sevilla\u00bb,<\/strong> zona Este.<\/li>\n<li><a href=\"https:\/\/www.sevilla.org\/servicios\/mujer-igualdad\/campanas-de-sensibilizacion\/8-marzo\/8-marzo-2022\/encuentro-19-marzo-mujer-y-cuidados\" target=\"_blank\" rel=\"noopener\"><strong>Encuentro 19-Marzo<\/strong><\/a>: <strong>\u00abMujer y Cuidados\u00bb<\/strong>, zona Norte.<\/li>\n<li><strong><a href=\"https:\/\/www.sevilla.org\/servicios\/mujer-igualdad\/campanas-de-sensibilizacion\/8-marzo\/8-marzo-2022\/encuentro-26-marzo-mujer-y-deporte\" target=\"_blank\" rel=\"noopener\">Encuentro 26-Marzo<\/a><\/strong>: <strong>\u00abDeporte y G\u00e9nero\u00bb,<\/strong> zona Cerro-Amate.<\/li>\n<\/ul>\n<p>Para obtener informaci\u00f3n detallada de cada Encuentro o Jornada, marque la que le interese.<\/p>\n<ul>\n<li><strong><a href=\"https:\/\/igualdad.us.es\/wpblog\/wp-content\/uploads\/2022\/03\/Encuentros-territoriales-Ayto.Sevilla-2022_programa.jpg\" target=\"_blank\" rel=\"noopener\"><span style=\"color: #993366;\">Programa General de los Encuentros Territoriales por la Igualdad<\/span><\/a><\/strong><\/li>\n<\/ul>\n<p><strong>Organiza<\/strong>: Ayuntamiento de Sevilla<br \/>\n<strong>+ Informaci\u00f3n: <a href=\"https:\/\/www.sevilla.org\/servicios\/mujer-igualdad\/campanas-de-sensibilizacion\/8-marzo\/8-marzo-2022\/encuentros-territoriales-por-la-igualdad-2022\" target=\"_blank\" rel=\"noopener\"><span style=\"color: #993366;\">aqu\u00ed<\/span><\/a><\/strong><\/p>\n<p>&nbsp;<\/p>\n","protected":false},"excerpt":{"rendered":"<p>22 de febrero al 26 de marzo de 2022<\/p>\n","protected":false},"author":1,"featured_media":5562,"comment_status":"closed","ping_status":"closed","sticky":false,"template":"","format":"standard","meta":{"footnotes":""},"categories":[41,27],"tags":[],"class_list":["post-5561","post","type-post","status-publish","format-standard","has-post-thumbnail","hentry","category-actividad-externa","category-noticia"],"gutentor_comment":0,"_links":{"self":[{"href":"https:\/\/igualdad.us.es\/wpblog\/wp-json\/wp\/v2\/posts\/5561","targetHints":{"allow":["GET"]}}],"collection":[{"href":"https:\/\/igualdad.us.es\/wpblog\/wp-json\/wp\/v2\/posts"}],"about":[{"href":"https:\/\/igualdad.us.es\/wpblog\/wp-json\/wp\/v2\/types\/post"}],"author":[{"embeddable":true,"href":"https:\/\/igualdad.us.es\/wpblog\/wp-json\/wp\/v2\/users\/1"}],"replies":[{"embeddable":true,"href":"https:\/\/igualdad.us.es\/wpblog\/wp-json\/wp\/v2\/comments?post=5561"}],"version-history":[{"count":7,"href":"https:\/\/igualdad.us.es\/wpblog\/wp-json\/wp\/v2\/posts\/5561\/revisions"}],"predecessor-version":[{"id":5668,"href":"https:\/\/igualdad.us.es\/wpblog\/wp-json\/wp\/v2\/posts\/5561\/revisions\/5668"}],"wp:featuredmedia":[{"embeddable":true,"href":"https:\/\/igualdad.us.es\/wpblog\/wp-json\/wp\/v2\/media\/5562"}],"wp:attachment":[{"href":"https:\/\/igualdad.us.es\/wpblog\/wp-json\/wp\/v2\/media?parent=5561"}],"wp:term":[{"taxonomy":"category","embeddable":true,"href":"https:\/\/igualdad.us.es\/wpblog\/wp-json\/wp\/v2\/categories?post=5561"},{"taxonomy":"post_tag","embeddable":true,"href":"https:\/\/igualdad.us.es\/wpblog\/wp-json\/wp\/v2\/tags?post=5561"}],"curies":[{"name":"wp","href":"https:\/\/api.w.org\/{rel}","templated":true}]}}