{"id":5276,"date":"2021-11-01T07:59:11","date_gmt":"2021-11-01T06:59:11","guid":{"rendered":"https:\/\/igualdad.us.es\/?p=5276"},"modified":"2021-11-09T07:44:50","modified_gmt":"2021-11-09T06:44:50","slug":"i-congreso-mujeres-creadoras-dibujodisenoaccion","status":"publish","type":"post","link":"https:\/\/igualdad.us.es\/wpblog\/i-congreso-mujeres-creadoras-dibujodisenoaccion\/","title":{"rendered":"I Congreso Mujeres Creadoras: Dibujo+Dise\u00f1o+Acci\u00f3n"},"content":{"rendered":"\r\n<p><strong><span style=\"color: #993366;\">I Congreso Internacional Mujeres Creadoras: Dibujo+Dise\u00f1o+Acci\u00f3n<br \/><\/span><\/strong><\/p>\r\n<p><span style=\"color: #999999;\">(US-2021)<\/span><\/p>\r\n<p style=\"text-align: justify;\">El congreso tiene el <strong>objetivo<\/strong> de visibilizar en el \u00e1mbito acad\u00e9mico la investigaci\u00f3n cient\u00edfica y art\u00edstica centrada en mujeres artistas y dise\u00f1adoras cuya esencia est\u00e9 vinculada al dibujo o aquellos aspectos que se acerquen a \u00e9l: desde el pensamiento gr\u00e1fico, la formalizaci\u00f3n pl\u00e1stica, la producci\u00f3n en arte gr\u00e1fico o la est\u00e9tica.<\/p>\r\n<p><strong>Organiza: <\/strong>Grupo de Investigaci\u00f3n HUM-1025 CREARESGEN. Creaci\u00f3n, Arte Gr\u00e1fico, Est\u00e9tica y G\u00e9nero de la Universidad de Sevilla<\/p>\r\n<p><strong>Realizaci\u00f3n:<\/strong> Online, 17, 18 y 19 de noviembre de 2021<\/p>\r\n<p><strong>Publicidad: <\/strong><span style=\"color: #993366;\"><a style=\"color: #993366;\" href=\"https:\/\/igualdad.us.es\/wpblog\/wp-content\/uploads\/2021\/11\/Congreso-Mujeres-Creadoras-I_Cartel.jpg\" target=\"_blank\" rel=\"noopener\">Cartel<\/a><\/span><\/p>\r\n<p><strong>+ Informaci\u00f3n e inscripci\u00f3n:<\/strong> <span style=\"color: #993366;\"><a style=\"color: #993366;\" href=\"http:\/\/crearesgen.es\/inscripciones-al-i-congreso-internacional-mujeres-creadoras-dibujodisenoaccion\/#more-265\" target=\"_blank\" rel=\"noopener\">Aqu\u00ed<\/a><\/span><\/p>\r\n","protected":false},"excerpt":{"rendered":"<p>Online, 17, 18 y 19 de noviembre de 2021<\/p>\n","protected":false},"author":1,"featured_media":5278,"comment_status":"closed","ping_status":"closed","sticky":false,"template":"","format":"standard","meta":{"footnotes":""},"categories":[31,32,29,24,27],"tags":[],"class_list":["post-5276","post","type-post","status-publish","format-standard","has-post-thumbnail","hentry","category-actividad","category-actividad-us","category-formacion","category-formacion-us","category-noticia"],"gutentor_comment":0,"_links":{"self":[{"href":"https:\/\/igualdad.us.es\/wpblog\/wp-json\/wp\/v2\/posts\/5276","targetHints":{"allow":["GET"]}}],"collection":[{"href":"https:\/\/igualdad.us.es\/wpblog\/wp-json\/wp\/v2\/posts"}],"about":[{"href":"https:\/\/igualdad.us.es\/wpblog\/wp-json\/wp\/v2\/types\/post"}],"author":[{"embeddable":true,"href":"https:\/\/igualdad.us.es\/wpblog\/wp-json\/wp\/v2\/users\/1"}],"replies":[{"embeddable":true,"href":"https:\/\/igualdad.us.es\/wpblog\/wp-json\/wp\/v2\/comments?post=5276"}],"version-history":[{"count":4,"href":"https:\/\/igualdad.us.es\/wpblog\/wp-json\/wp\/v2\/posts\/5276\/revisions"}],"predecessor-version":[{"id":5306,"href":"https:\/\/igualdad.us.es\/wpblog\/wp-json\/wp\/v2\/posts\/5276\/revisions\/5306"}],"wp:featuredmedia":[{"embeddable":true,"href":"https:\/\/igualdad.us.es\/wpblog\/wp-json\/wp\/v2\/media\/5278"}],"wp:attachment":[{"href":"https:\/\/igualdad.us.es\/wpblog\/wp-json\/wp\/v2\/media?parent=5276"}],"wp:term":[{"taxonomy":"category","embeddable":true,"href":"https:\/\/igualdad.us.es\/wpblog\/wp-json\/wp\/v2\/categories?post=5276"},{"taxonomy":"post_tag","embeddable":true,"href":"https:\/\/igualdad.us.es\/wpblog\/wp-json\/wp\/v2\/tags?post=5276"}],"curies":[{"name":"wp","href":"https:\/\/api.w.org\/{rel}","templated":true}]}}