{"id":5025,"date":"2021-09-17T10:30:29","date_gmt":"2021-09-17T09:30:29","guid":{"rendered":"https:\/\/igualdad.us.es\/?p=5025"},"modified":"2021-12-09T08:02:59","modified_gmt":"2021-12-09T07:02:59","slug":"abierta-inscripcion-para-el-pdi-y-pas-en-la-red-de-voluntariado-violencia-de-genero-2021-2022","status":"publish","type":"post","link":"https:\/\/igualdad.us.es\/wpblog\/abierta-inscripcion-para-el-pdi-y-pas-en-la-red-de-voluntariado-violencia-de-genero-2021-2022\/","title":{"rendered":"Abierta inscripci\u00f3n para PDI y PAS en la Red de Voluntariado Violencia de G\u00e9nero 2021\/2022"},"content":{"rendered":"<p>Abierta la<strong> inscripci\u00f3n para el PAS y PDI<\/strong> en la <strong><span style=\"color: #993366;\">7\u00aa Edici\u00f3n de la Red Ciudadana de Voluntariado para la Detecci\u00f3n y Apoyo a las V\u00edctimas de Violencia de G\u00e9nero en la Universidad de Sevilla<\/span><\/strong><\/p>\n<p><strong>El plazo de inscripci\u00f3n <\/strong>es hasta el <strong>15 de noviembre de 2021 o hasta cubrir plazas.<\/strong><\/p>\n<p>Se tratar\u00e1n los siguientes contenidos:<\/p>\n<ul style=\"list-style-type: circle;\">\n<li>Aspectos conceptuales de las violencias machistas hacia las mujeres y las y los menores.<\/li>\n<li>Violencia de G\u00e9nero en las relaciones de pareja, en concreto en j\u00f3venes. Proceso de instauraci\u00f3n y mantenimiento. Consecuencias derivadas.<\/li>\n<li>Acoso sexual y por raz\u00f3n de sexo.<\/li>\n<li>Taller \u201cC\u00f3mo actuar ante casos de violencia\u201d.<\/li>\n<\/ul>\n<p>Actividad reconocida por el ICE (PDI) y por el FORPAS (PAS), con 20 horas lectivas, en 5 sesiones de 4 horas de duraci\u00f3n.<\/p>\n<p><strong><u>Inscripci\u00f3n online<\/u><\/strong><\/p>\n<p style=\"padding-left: 60px;\">PDI, en AFOROS <a href=\"https:\/\/sfep.us.es\/wsfep\/sfep\/cursos_aforos.html\" target=\"_blank\" rel=\"noopener\"><strong><span style=\"color: #993366;\">https:\/\/sfep.us.es\/wsfep\/sfep\/cursos_aforos.html<\/span><\/strong><\/a><br \/>\nPAS en FORPAS <a href=\"http:\/\/recursoshumanos.us.es\/index.php?page=forpas\" target=\"_blank\" rel=\"noopener\"><strong><span style=\"color: #993366;\">http:\/\/recursoshumanos.us.es\/index.php?page=forpas<\/span><\/strong><\/a><\/p>\n<p><strong>+ informaci\u00f3n sobre contenidos, fechas, etc <\/strong><a href=\"https:\/\/igualdad.us.es\/wpblog\/?page_id=1772\"><span style=\"color: #993366;\"><strong>aqu\u00ed<\/strong><\/span><\/a><\/p>\n","protected":false},"excerpt":{"rendered":"<p>Hasta el 15 de noviembre de 2021 o hasta cubrir plazas<\/p>\n","protected":false},"author":1,"featured_media":1799,"comment_status":"closed","ping_status":"closed","sticky":false,"template":"","format":"standard","meta":{"footnotes":""},"categories":[31,39,29,25,27],"tags":[],"class_list":["post-5025","post","type-post","status-publish","format-standard","has-post-thumbnail","hentry","category-actividad","category-actividad-propia","category-formacion","category-formacion-propia","category-noticia"],"gutentor_comment":0,"_links":{"self":[{"href":"https:\/\/igualdad.us.es\/wpblog\/wp-json\/wp\/v2\/posts\/5025","targetHints":{"allow":["GET"]}}],"collection":[{"href":"https:\/\/igualdad.us.es\/wpblog\/wp-json\/wp\/v2\/posts"}],"about":[{"href":"https:\/\/igualdad.us.es\/wpblog\/wp-json\/wp\/v2\/types\/post"}],"author":[{"embeddable":true,"href":"https:\/\/igualdad.us.es\/wpblog\/wp-json\/wp\/v2\/users\/1"}],"replies":[{"embeddable":true,"href":"https:\/\/igualdad.us.es\/wpblog\/wp-json\/wp\/v2\/comments?post=5025"}],"version-history":[{"count":3,"href":"https:\/\/igualdad.us.es\/wpblog\/wp-json\/wp\/v2\/posts\/5025\/revisions"}],"predecessor-version":[{"id":5339,"href":"https:\/\/igualdad.us.es\/wpblog\/wp-json\/wp\/v2\/posts\/5025\/revisions\/5339"}],"wp:featuredmedia":[{"embeddable":true,"href":"https:\/\/igualdad.us.es\/wpblog\/wp-json\/wp\/v2\/media\/1799"}],"wp:attachment":[{"href":"https:\/\/igualdad.us.es\/wpblog\/wp-json\/wp\/v2\/media?parent=5025"}],"wp:term":[{"taxonomy":"category","embeddable":true,"href":"https:\/\/igualdad.us.es\/wpblog\/wp-json\/wp\/v2\/categories?post=5025"},{"taxonomy":"post_tag","embeddable":true,"href":"https:\/\/igualdad.us.es\/wpblog\/wp-json\/wp\/v2\/tags?post=5025"}],"curies":[{"name":"wp","href":"https:\/\/api.w.org\/{rel}","templated":true}]}}