{"id":5017,"date":"2021-10-30T09:10:47","date_gmt":"2021-10-30T08:10:47","guid":{"rendered":"https:\/\/igualdad.us.es\/?p=5017"},"modified":"2021-11-04T10:38:32","modified_gmt":"2021-11-04T09:38:32","slug":"curso-acoso-sexual-el-impacto-en-la-salud-de-las-victimas-y-recomendaciones-para-la-deteccion-2o-edicion","status":"publish","type":"post","link":"https:\/\/igualdad.us.es\/wpblog\/curso-acoso-sexual-el-impacto-en-la-salud-de-las-victimas-y-recomendaciones-para-la-deteccion-2o-edicion\/","title":{"rendered":"Curso Acoso Sexual: El impacto en la Salud de las V\u00edctimas y Recomendaciones para la Detecci\u00f3n, 2\u00ba edici\u00f3n"},"content":{"rendered":"<p><span style=\"color: #993366;\"><strong>Curso Acoso Sexual: El impacto en la Salud de las V\u00edctimas y <span style=\"color: #993366;\">Recomendaciones<\/span> para la Detecci\u00f3n, 2\u00ba edici\u00f3n<br \/>\n<\/strong><\/span><span style=\"color: #999999;\">(Formaci\u00f3n propia-2021)<\/span><\/p>\n<p>La finalidad de este curso es ac\u00e9rcanos a conocer que es el acoso sexual, as\u00ed como otras figuras estrechamente relacionadas, su marco jur\u00eddico, el contexto estructural y social que favorece las conductas de acoso sexual, as\u00ed como la escalada de violencia que genera dichas conductas en las v\u00edctimas. Asimismo, nos acercaremos a conocer como esta tipolog\u00eda de violencia de g\u00e9nero impacta en la salud de las v\u00edctimas, y finalmente abordaremos algunas recomendaciones para detectar casos de acoso sexual.<\/p>\n<p>Por ello, perseguimos los siguientes objetivos:<\/p>\n<ol>\n<li>Comprender que es el acoso sexual, as\u00ed como otras figuras estrechamente relacionadas.<\/li>\n<li>Reflexionar sobre el contexto social que fomenta las conductas de acoso sexual.<\/li>\n<li>Conocer el marco normativo, los derechos que se vulneran y las acciones legales.<\/li>\n<li>Entender el impacto en la salud hol\u00edstica de las v\u00edctimas.<\/li>\n<li>Conocer recomendaciones para la detecci\u00f3n.<\/li>\n<\/ol>\n<p><strong>Organiza:<\/strong> Unidad para la Igualdad<br \/>\n<strong>Docente: <\/strong>Roc\u00edo Mateo Medina<br \/>\n<strong>Realizaci\u00f3n: <\/strong><\/p>\n<p style=\"padding-left: 40px;\">Lugar: Aula 204 de la Fac. de Filolog\u00eda.<br \/>\nD\u00edas: 16, 17 y 18 de noviembre de 2021.<br \/>\nHorario: 16 de noviembre de 16.00h a 19.00h, 17 y 18 de noviembre de 16.00h a 19.30 h.<\/p>\n<p><strong>Horas:<\/strong> 10 horas<br \/>\n<strong>Requisitos: <\/strong>Estudiantes, PDI y PAS de la US.<br \/>\n<strong>Plazas:<\/strong> 35 (15 PDI, 10 PAS, 10 Estudiantes).<\/p>\n<p><strong>Inscripci\u00f3n: <\/strong>Gratuita hasta completar aforo, previa inscripci\u00f3n.<\/p>\n<ul>\n<li>PDI en AFOROS <a href=\"https:\/\/sfep.us.es\/wsfep\/sfep\/cursos_aforos.html\" target=\"_blank\" rel=\"noopener noreferrer\"><span style=\"color: #993366;\">https:\/\/sfep.us.es\/wsfep\/sfep\/cursos_aforos.html<\/span><\/a><\/li>\n<li>PAS en FORPAS <a href=\"http:\/\/recursoshumanos.us.es\/index.php?page=forpas\" target=\"_blank\" rel=\"noopener noreferrer\"><span style=\"color: #993366;\">http:\/\/recursoshumanos.us.es\/index.php?page=forpas<\/span><\/a><\/li>\n<li>ESTUDIANTES, hasta el 11\/11\/2021, <span style=\"color: #993366;\"><a style=\"color: #993366;\" href=\"https:\/\/forms.gle\/Mo7P1yDbMkku9iga8\" target=\"_blank\" rel=\"noopener noreferrer\">aqu\u00ed<\/a><\/span><\/li>\n<\/ul>\n<p><strong>Reconocimiento: <\/strong>ICE (PDI); FORPAS (PAS); ESTUDIANTE con 0,4 ECTS por la US.<\/p>\n","protected":false},"excerpt":{"rendered":"<p>16, 17 y 18 de noviembre de 2021<\/p>\n","protected":false},"author":1,"featured_media":5019,"comment_status":"closed","ping_status":"closed","sticky":false,"template":"","format":"standard","meta":{"footnotes":""},"categories":[29,25,27],"tags":[],"class_list":["post-5017","post","type-post","status-publish","format-standard","has-post-thumbnail","hentry","category-formacion","category-formacion-propia","category-noticia"],"gutentor_comment":0,"_links":{"self":[{"href":"https:\/\/igualdad.us.es\/wpblog\/wp-json\/wp\/v2\/posts\/5017","targetHints":{"allow":["GET"]}}],"collection":[{"href":"https:\/\/igualdad.us.es\/wpblog\/wp-json\/wp\/v2\/posts"}],"about":[{"href":"https:\/\/igualdad.us.es\/wpblog\/wp-json\/wp\/v2\/types\/post"}],"author":[{"embeddable":true,"href":"https:\/\/igualdad.us.es\/wpblog\/wp-json\/wp\/v2\/users\/1"}],"replies":[{"embeddable":true,"href":"https:\/\/igualdad.us.es\/wpblog\/wp-json\/wp\/v2\/comments?post=5017"}],"version-history":[{"count":7,"href":"https:\/\/igualdad.us.es\/wpblog\/wp-json\/wp\/v2\/posts\/5017\/revisions"}],"predecessor-version":[{"id":5157,"href":"https:\/\/igualdad.us.es\/wpblog\/wp-json\/wp\/v2\/posts\/5017\/revisions\/5157"}],"wp:featuredmedia":[{"embeddable":true,"href":"https:\/\/igualdad.us.es\/wpblog\/wp-json\/wp\/v2\/media\/5019"}],"wp:attachment":[{"href":"https:\/\/igualdad.us.es\/wpblog\/wp-json\/wp\/v2\/media?parent=5017"}],"wp:term":[{"taxonomy":"category","embeddable":true,"href":"https:\/\/igualdad.us.es\/wpblog\/wp-json\/wp\/v2\/categories?post=5017"},{"taxonomy":"post_tag","embeddable":true,"href":"https:\/\/igualdad.us.es\/wpblog\/wp-json\/wp\/v2\/tags?post=5017"}],"curies":[{"name":"wp","href":"https:\/\/api.w.org\/{rel}","templated":true}]}}