{"id":4546,"date":"2021-03-02T10:38:22","date_gmt":"2021-03-02T09:38:22","guid":{"rendered":"https:\/\/igualdad.us.es\/?p=4546"},"modified":"2021-04-19T10:25:39","modified_gmt":"2021-04-19T09:25:39","slug":"campana-8m-2021-dia-internacional-mujer","status":"publish","type":"post","link":"https:\/\/igualdad.us.es\/wpblog\/campana-8m-2021-dia-internacional-mujer\/","title":{"rendered":"Campa\u00f1a 8M-2021 D\u00eda Internacional de la Mujer"},"content":{"rendered":"<p><strong><span style=\"color: #993366;\">Campa\u00f1a 8M-2021, D\u00eda Internacional de la Mujer<\/span><\/strong><br \/>\n<span style=\"color: #999999;\">(Campa\u00f1as-2021)<\/span><\/p>\n<p style=\"text-align: justify;\">Un a\u00f1o m\u00e1s la US conmemora el 8 de Marzo, <strong>D\u00eda Internacional de la Mujer, <\/strong>con sus<strong><span style=\"color: #800080;\"> MIERCOLES VIOLETA DE MARZO: La US por la Igualdad<\/span><\/strong>. Este a\u00f1o va a tener como lema <span style=\"color: #800080;\">\u00ab<strong>Las Esenciales<\/strong>\u00ab<\/span>, en la l\u00ednea de la ONU Mujeres que han anunciado su lema para este a\u00f1o: \u00ab<a href=\"https:\/\/www.unwomen.org\/es\/news\/stories\/2020\/11\/announcer-international-womens-day-2021#:~:text=Noticias-,Tema%20del%20D%C3%ADa%20Internacional%20de%20la%20Mujer%202021%3A%20%E2%80%9CMujeres%20l%C3%ADderes,mundo%20de%20la%20Covid%2D19%E2%80%9D&amp;text=ONU%20Mujeres%20anuncia%20el%20tema,de%20la%20Covid%2D19%E2%80%9D\" target=\"_blank\" rel=\"noopener\">Las Mujeres l\u00edderes: Por un futuro igualitario en el mundo de la Covid-19<\/a>\u00ab.<\/p>\n<p style=\"text-align: justify;\">Desde la Unidad para la Igualdad organizamos un ciclo de <strong>mesas redondas<\/strong>, con las que este a\u00f1o queremos <strong>reconocer a todas esas mujeres esenciales<\/strong> para que la sociedad avance hacia <strong>valores m\u00e1s saludables e igualitarios<\/strong> y que, en momentos tan dif\u00edciles como los que nos ha tra\u00eddo la pandemia, han estado en <strong>primera l\u00ednea d\u00e1ndolo todo: las enfermeras, las psic\u00f3logas y psiquiatras, las profesoras y maestras, las cient\u00edficas, las periodistas.<\/strong><\/p>\n<p style=\"text-align: justify;\">Se realizar\u00e1n todos los <strong>Mi\u00e9rcoles a las 12.30h<\/strong>, en el <strong>Sal\u00f3n de Actos de la Facultad de Enfermer\u00eda, Fisioterapia y Podolog\u00eda<\/strong>. La entrada es libre hasta cubrir el aforo, siendo este limatado por las restricciones de la pandemia. Tambi\u00e9n se <a href=\"https:\/\/eu.bbcollab.com\/collab\/ui\/session\/guest\/60d87879da2b48c9829c0b20c44989b0\" target=\"_blank\" rel=\"noopener\"><strong><span style=\"color: #800080;\">retransmitir\u00e1n por streaming pulsando <\/span><span style=\"color: #800080;\">aqu\u00ed<\/span><\/strong><\/a>.<\/p>\n<ul style=\"list-style-type: circle;\">\n<li><strong>3 de marzo<\/strong>, ser\u00e1n las <strong>Enfermeras<\/strong> las esenciales que inauguren la campa\u00f1a. <a href=\"https:\/\/hdvirtual.us.es\/discovirt\/index.php\/s\/GYMoP6sXiY9xgLq\" target=\"_blank\" rel=\"noopener\"><strong>Ver v\u00eddeo<\/strong><\/a><\/li>\n<li><strong>10 de marzo<\/strong>, ser\u00e1n las\u00a0<b>Psic\u00f3logas y Psiquiatras. <\/b><a href=\"https:\/\/hdvirtual.us.es\/discovirt\/index.php\/s\/wpjSMjM4rawqjAP\" target=\"_blank\" rel=\"noopener\"><strong>Ver v\u00eddeo<\/strong><\/a><\/li>\n<li><strong>17 de marzo<\/strong>, ser\u00e1n las <b>Profesoras y Maestras. <a href=\"https:\/\/hdvirtual.us.es\/discovirt\/index.php\/s\/LmMqdQ48NJjGPNg\" target=\"_blank\" rel=\"noopener\">Ver v\u00eddeo<\/a><br \/>\n<\/b><\/li>\n<li><strong>24 de marzo<\/strong>, ser\u00e1n las <strong>Cient\u00edficas. <a href=\"https:\/\/hdvirtual.us.es\/discovirt\/index.php\/s\/SR6GwTa3QFTddTo\" target=\"_blank\" rel=\"noopener\">Ver v\u00eddeo<\/a><\/strong><\/li>\n<li><strong>7 de abril<\/strong>, cerraremos la campa\u00f1a con las esenciales <strong>Periodistas<\/strong>.<\/li>\n<\/ul>\n<p><strong>+ informaci\u00f3n de la campa\u00f1a<\/strong> <span style=\"color: #800080;\"><a style=\"color: #800080;\" href=\"https:\/\/igualdad.us.es\/?page_id=777\">aqu\u00ed<\/a><\/span><\/p>\n<h5 style=\"text-align: center;\"><em><strong>\u00a1no te la pierdas!<\/strong><\/em><\/h5>\n<figure id=\"attachment_4541\" aria-describedby=\"caption-attachment-4541\" style=\"width: 150px\" class=\"wp-caption alignleft\"><a href=\"https:\/\/igualdad.us.es\/wpblog\/wp-content\/uploads\/2021\/03\/Campana_8M-2021_programa_general.png\" target=\"_blank\" rel=\"noopener\"><img loading=\"lazy\" decoding=\"async\" class=\"wp-image-4541 size-thumbnail\" src=\"https:\/\/igualdad.us.es\/wpblog\/wp-content\/uploads\/2021\/03\/Campana_8M-2021_programa_general-150x150.png\" alt=\"\" width=\"150\" height=\"150\" \/><\/a><figcaption id=\"caption-attachment-4541\" class=\"wp-caption-text\"><span style=\"font-size: 8pt;\"> Cartel general<\/span><\/figcaption><\/figure>\n<figure id=\"attachment_4542\" aria-describedby=\"caption-attachment-4542\" style=\"width: 150px\" class=\"wp-caption alignleft\"><a href=\"https:\/\/igualdad.us.es\/wpblog\/wp-content\/uploads\/2021\/03\/Campana_8M_2021_programa_Mx_02-03.png\" target=\"_blank\" rel=\"noopener\"><img loading=\"lazy\" decoding=\"async\" class=\"wp-image-4542 size-thumbnail\" src=\"https:\/\/igualdad.us.es\/wpblog\/wp-content\/uploads\/2021\/03\/Campana_8M_2021_programa_Mx_02-03-150x150.png\" alt=\"\" width=\"150\" height=\"150\" \/><\/a><figcaption id=\"caption-attachment-4542\" class=\"wp-caption-text\"><span style=\"font-size: 8pt;\"> Cartel del 3 de marzo<\/span><\/figcaption><\/figure>\n<figure id=\"attachment_4590\" aria-describedby=\"caption-attachment-4590\" style=\"width: 150px\" class=\"wp-caption alignleft\"><a href=\"https:\/\/igualdad.us.es\/wpblog\/wp-content\/uploads\/2021\/03\/Campana_8M-2021_programa_Mx_02-10.png\" target=\"_blank\" rel=\"noopener\"><img loading=\"lazy\" decoding=\"async\" class=\"wp-image-4590 size-thumbnail\" src=\"https:\/\/igualdad.us.es\/wpblog\/wp-content\/uploads\/2021\/03\/Campana_8M-2021_programa_Mx_02-10-150x150.png\" alt=\"\" width=\"150\" height=\"150\" \/><\/a><figcaption id=\"caption-attachment-4590\" class=\"wp-caption-text\"><span style=\"font-size: 8pt;\"> Cartel del 10 de marzo<\/span><\/figcaption><\/figure>\n<figure id=\"attachment_4610\" aria-describedby=\"caption-attachment-4610\" style=\"width: 150px\" class=\"wp-caption alignleft\"><a href=\"https:\/\/igualdad.us.es\/wpblog\/wp-content\/uploads\/2021\/03\/Campana_8M-2021_programa_Mx_03-17.png\" target=\"_blank\" rel=\"noopener\"><img loading=\"lazy\" decoding=\"async\" class=\"wp-image-4610 size-thumbnail\" src=\"https:\/\/igualdad.us.es\/wpblog\/wp-content\/uploads\/2021\/03\/Campana_8M-2021_programa_Mx_03-17-150x150.png\" alt=\"\" width=\"150\" height=\"150\" \/><\/a><figcaption id=\"caption-attachment-4610\" class=\"wp-caption-text\"><span style=\"font-size: 8pt;\"> Cartel del 17 de marzo<\/span><\/figcaption><\/figure>\n<figure id=\"attachment_4654\" aria-describedby=\"caption-attachment-4654\" style=\"width: 150px\" class=\"wp-caption alignleft\"><a href=\"https:\/\/igualdad.us.es\/wpblog\/wp-content\/uploads\/2021\/03\/Campana_8M-2021_programa_Mx_03-24.png\" target=\"_blank\" rel=\"noopener\"><img loading=\"lazy\" decoding=\"async\" class=\"wp-image-4654 size-thumbnail\" src=\"https:\/\/igualdad.us.es\/wpblog\/wp-content\/uploads\/2021\/03\/Campana_8M-2021_programa_Mx_03-24-150x150.png\" alt=\"\" width=\"150\" height=\"150\" \/><\/a><figcaption id=\"caption-attachment-4654\" class=\"wp-caption-text\"><span style=\"font-size: 8pt;\"> Cartel del 24 de marzo<\/span><\/figcaption><\/figure>\n<figure id=\"attachment_4669\" aria-describedby=\"caption-attachment-4669\" style=\"width: 150px\" class=\"wp-caption alignleft\"><a href=\"https:\/\/igualdad.us.es\/wpblog\/wp-content\/uploads\/2021\/03\/Campana_8M-2021_Programa_Mx_04-07.png\" target=\"_blank\" rel=\"noopener\"><img loading=\"lazy\" decoding=\"async\" class=\"wp-image-4669 size-thumbnail\" src=\"https:\/\/igualdad.us.es\/wpblog\/wp-content\/uploads\/2021\/03\/Campana_8M-2021_Programa_Mx_04-07-150x150.png\" alt=\"\" width=\"150\" height=\"150\" \/><\/a><figcaption id=\"caption-attachment-4669\" class=\"wp-caption-text\"><span style=\"font-size: 8pt;\"> Cartel del 7 de abril<\/span><\/figcaption><\/figure>\n<p>&nbsp;<\/p>\n<p>&nbsp;<\/p>\n<p>&nbsp;<\/p>\n<p>&nbsp;<\/p>\n<p>&nbsp;<\/p>\n<p>&nbsp;<\/p>\n<p>&nbsp;<\/p>\n<p>&nbsp;<\/p>\n<p>&nbsp;<\/p>\n<p>&nbsp;<\/p>\n<p>&nbsp;<\/p>\n","protected":false},"excerpt":{"rendered":"<p>Los mi\u00e9rcoles del 3 de marzo al 7 de abril de 2021, a las 12:30h<\/p>\n","protected":false},"author":1,"featured_media":4547,"comment_status":"closed","ping_status":"closed","sticky":false,"template":"","format":"standard","meta":{"footnotes":""},"categories":[31,39,27],"tags":[],"class_list":["post-4546","post","type-post","status-publish","format-standard","has-post-thumbnail","hentry","category-actividad","category-actividad-propia","category-noticia"],"gutentor_comment":0,"_links":{"self":[{"href":"https:\/\/igualdad.us.es\/wpblog\/wp-json\/wp\/v2\/posts\/4546","targetHints":{"allow":["GET"]}}],"collection":[{"href":"https:\/\/igualdad.us.es\/wpblog\/wp-json\/wp\/v2\/posts"}],"about":[{"href":"https:\/\/igualdad.us.es\/wpblog\/wp-json\/wp\/v2\/types\/post"}],"author":[{"embeddable":true,"href":"https:\/\/igualdad.us.es\/wpblog\/wp-json\/wp\/v2\/users\/1"}],"replies":[{"embeddable":true,"href":"https:\/\/igualdad.us.es\/wpblog\/wp-json\/wp\/v2\/comments?post=4546"}],"version-history":[{"count":36,"href":"https:\/\/igualdad.us.es\/wpblog\/wp-json\/wp\/v2\/posts\/4546\/revisions"}],"predecessor-version":[{"id":4675,"href":"https:\/\/igualdad.us.es\/wpblog\/wp-json\/wp\/v2\/posts\/4546\/revisions\/4675"}],"wp:featuredmedia":[{"embeddable":true,"href":"https:\/\/igualdad.us.es\/wpblog\/wp-json\/wp\/v2\/media\/4547"}],"wp:attachment":[{"href":"https:\/\/igualdad.us.es\/wpblog\/wp-json\/wp\/v2\/media?parent=4546"}],"wp:term":[{"taxonomy":"category","embeddable":true,"href":"https:\/\/igualdad.us.es\/wpblog\/wp-json\/wp\/v2\/categories?post=4546"},{"taxonomy":"post_tag","embeddable":true,"href":"https:\/\/igualdad.us.es\/wpblog\/wp-json\/wp\/v2\/tags?post=4546"}],"curies":[{"name":"wp","href":"https:\/\/api.w.org\/{rel}","templated":true}]}}