{"id":4190,"date":"2020-11-01T21:12:44","date_gmt":"2020-11-01T20:12:44","guid":{"rendered":"https:\/\/igualdad.us.es\/?p=4190"},"modified":"2021-04-14T12:10:11","modified_gmt":"2021-04-14T11:10:11","slug":"curso-semipresencial-por-que-y-como-integrar-la-perspectiva-de-genero-en-la-investigacion-3a-edicion","status":"publish","type":"post","link":"https:\/\/igualdad.us.es\/wpblog\/curso-semipresencial-por-que-y-como-integrar-la-perspectiva-de-genero-en-la-investigacion-3a-edicion\/","title":{"rendered":"Curso semipresencial \u00bfPor qu\u00e9 y c\u00f3mo integrar la perspectiva de g\u00e9nero en la investigaci\u00f3n?, 3\u00aa edici\u00f3n"},"content":{"rendered":"<p><span style=\"color: #993366;\"><strong>Curso semipresencial \u00bfPor qu\u00e9 y c\u00f3mo integrar la perspectiva de g\u00e9nero en la investigaci\u00f3n?, 3\u00aa edici\u00f3n<\/strong><\/span><br \/>\n(Formaci\u00f3n propia-2020)<\/p>\n<p><strong>Organiza:<\/strong> Unidad para la Igualdad de la US<br \/>\n<strong>Realizaci\u00f3n: <\/strong>del 20 de noviembre al 30 de diciembre de 2020.<\/p>\n<ul>\n<li>Presencial: 20 de noviembre de 2020, de 9.30 a 14.30 horas, en el Aula 2.1-E de la Facultad de Enfermer\u00eda, Fisioterapia y Podolog\u00eda.<\/li>\n<li>On-line: del 20 de noviembre de 2020 al 30 de diciembre de 2020.<\/li>\n<\/ul>\n<p><span style=\"color: #ff0000;\"><strong>NOTA IMPORTANTE<\/strong><\/span>: Debido al COVID19, las 5 horas presenciales previstas el 20 de noviembre se pasan a online s\u00edncronas repasrtidas de la siguiente forma: el 20 de noviembre de \u00a09.30 a 11h y el 27 de noviembre de 9.30 a 11h. El resto de las 20 horas online ser\u00e1n as\u00edncronas realizando trabajos.<\/p>\n<p><strong>Horas:<\/strong> 25 horas<br \/>\n<strong>Requisitos: <\/strong>PDI de la US. Estudiantes de la US, preferentemente de M\u00e1ster y Doctorado.<br \/>\n<strong>Plazas:\u00a0<\/strong> 18 PDI y 10 Estudiantes de m\u00e1ster y doctorado<br \/>\n<strong>Objetivos: <\/strong><\/p>\n<ul>\n<li>Concienciar a la comunidad universitaria de la importancia de introducir la perspectiva de g\u00e9nero en la investigaci\u00f3n como parte de la excelencia cient\u00edfica, para mejorar la competitividad y para promover la igualdad entre hombres y mujeres.<\/li>\n<li>Revisar las propuestas estrat\u00e9gicas a nivel europeo, nacional y auton\u00f3mico.<\/li>\n<li>Proporcionar instrumentos pr\u00e1cticos para investigadoras e investigadores.<\/li>\n<\/ul>\n<p><strong>Contenidos abordados: <\/strong><\/p>\n<ul>\n<li>La igualdad de g\u00e9nero en investigaci\u00f3n seg\u00fan la Comisi\u00f3n Europea.<\/li>\n<li>La igualdad en los equipos de investigaci\u00f3n.<\/li>\n<li>La igualdad en la toma de decisiones.<\/li>\n<li>La igualdad en el contenido de la investigaci\u00f3n.<\/li>\n<\/ul>\n<p><strong>Profesorado<\/strong><strong>: <\/strong><\/p>\n<ul>\n<li>Capitolina D\u00edaz Mart\u00ednez<\/li>\n<li>Teresa Samper Gras<\/li>\n<\/ul>\n<p><strong>Inscripci\u00f3n: <\/strong>Gratuita hasta completar aforo, previa inscripci\u00f3n.<\/p>\n<ul style=\"list-style-type: circle;\">\n<li>PDI, hasta el 13\/11\/2020, en AFOROS <span style=\"color: #993366;\"><a style=\"color: #993366;\" href=\"https:\/\/sfep.us.es\/wsfep\/sfep\/cursos_aforos.html\" target=\"_blank\" rel=\"noopener noreferrer\">https:\/\/sfep.us.es\/wsfep\/sfep\/cursos_aforos.html<\/a><\/span><\/li>\n<li>ESTUDIANTES, hasta el 13\/11\/2020, <a href=\"https:\/\/forms.gle\/K9sZEocKd9NHRnbB9\" target=\"_blank\" rel=\"noopener noreferrer\"><span style=\"color: #993366;\">aqu\u00ed<\/span><\/a><\/li>\n<\/ul>\n<p><strong>Reconocimiento: <\/strong>PDI por el ICE. Estudientes acreditaci\u00f3n por el Vicerrectorado de los Servicios Sociales y Comunitarios (Unidad para la Igualdad).<\/p>\n<p><strong>Publicidad:<\/strong>\u00a0<span style=\"color: #993366;\"><a style=\"color: #993366;\" href=\"https:\/\/igualdad.us.es\/wpblog\/wp-content\/uploads\/2020\/11\/Curso_Investigacion-y-Genero_2020_cartel.pdf\" target=\"_blank\" rel=\"noopener noreferrer\">Cartel<\/a><\/span><\/p>\n","protected":false},"excerpt":{"rendered":"<p>Online del 20 de noviembre al 30 de diciembre 2020<\/p>\n","protected":false},"author":1,"featured_media":1588,"comment_status":"closed","ping_status":"closed","sticky":false,"template":"","format":"standard","meta":{"footnotes":""},"categories":[31,39,44,25,27],"tags":[],"class_list":["post-4190","post","type-post","status-publish","format-standard","has-post-thumbnail","hentry","category-actividad","category-actividad-propia","category-formacion-colaboracion","category-formacion-propia","category-noticia"],"gutentor_comment":0,"_links":{"self":[{"href":"https:\/\/igualdad.us.es\/wpblog\/wp-json\/wp\/v2\/posts\/4190","targetHints":{"allow":["GET"]}}],"collection":[{"href":"https:\/\/igualdad.us.es\/wpblog\/wp-json\/wp\/v2\/posts"}],"about":[{"href":"https:\/\/igualdad.us.es\/wpblog\/wp-json\/wp\/v2\/types\/post"}],"author":[{"embeddable":true,"href":"https:\/\/igualdad.us.es\/wpblog\/wp-json\/wp\/v2\/users\/1"}],"replies":[{"embeddable":true,"href":"https:\/\/igualdad.us.es\/wpblog\/wp-json\/wp\/v2\/comments?post=4190"}],"version-history":[{"count":9,"href":"https:\/\/igualdad.us.es\/wpblog\/wp-json\/wp\/v2\/posts\/4190\/revisions"}],"predecessor-version":[{"id":4683,"href":"https:\/\/igualdad.us.es\/wpblog\/wp-json\/wp\/v2\/posts\/4190\/revisions\/4683"}],"wp:featuredmedia":[{"embeddable":true,"href":"https:\/\/igualdad.us.es\/wpblog\/wp-json\/wp\/v2\/media\/1588"}],"wp:attachment":[{"href":"https:\/\/igualdad.us.es\/wpblog\/wp-json\/wp\/v2\/media?parent=4190"}],"wp:term":[{"taxonomy":"category","embeddable":true,"href":"https:\/\/igualdad.us.es\/wpblog\/wp-json\/wp\/v2\/categories?post=4190"},{"taxonomy":"post_tag","embeddable":true,"href":"https:\/\/igualdad.us.es\/wpblog\/wp-json\/wp\/v2\/tags?post=4190"}],"curies":[{"name":"wp","href":"https:\/\/api.w.org\/{rel}","templated":true}]}}