{"id":4184,"date":"2020-10-30T21:38:21","date_gmt":"2020-10-30T20:38:21","guid":{"rendered":"https:\/\/igualdad.us.es\/?p=4184"},"modified":"2021-01-19T10:02:23","modified_gmt":"2021-01-19T09:02:23","slug":"curso-de-genero-racismo-y-feminismo-negro","status":"publish","type":"post","link":"https:\/\/igualdad.us.es\/wpblog\/curso-de-genero-racismo-y-feminismo-negro\/","title":{"rendered":"Curso de G\u00e9nero, Racismo y Feminismo Negro"},"content":{"rendered":"<p><span style=\"color: #993366;\"><strong>Curso de G\u00e9nero, Racismo y Feminismo Negro<br \/>\n<\/strong><\/span><span style=\"color: #999999;\">(Formaci\u00f3n propia-2020)<\/span><\/p>\n<p>Se pretende formar y sensibilizar sobre las cuestiones de g\u00e9nero, racismo y feminismo negro, reflejando conceptualmente y conociendo la producci\u00f3n de las intelectuales negras, con los enfoques y directrices del movimiento social feminista y negro en su diversidad.<\/p>\n<p>Se abordar\u00e1n como <strong>objetivos<\/strong> espec\u00edficos:<\/p>\n<ul>\n<li>Comprender los conceptos de g\u00e9nero y raza, sus interconexiones y el an\u00e1lisis del racismo desde la perspectiva del movimiento social feminista afro-latino-americano y africano.<\/li>\n<li>Conocer la producci\u00f3n feminista de autoras afroamericanas como Angela Davis, Bell Hooks, Audre Lorde, entre otras.<\/li>\n<li>Conocer la producci\u00f3n feminista de autoras negras latino-americanos como L\u00e9lia Gonz\u00e1lez, Sueli Carneiro, Grada Kilomba, Mireya Su\u00e1rez, Mar\u00eda Lugones, entre otras.<\/li>\n<li>Conocer la producci\u00f3n feminista de autoras africanas como Chimamanda Adichie, Oy\u00e8r\u00f3nk\u1eb9\u0301 Oy\u011bw\u00f9m\u00ed, Paulina Chiziane, entre otras.<\/li>\n<\/ul>\n<p><strong>Organiza:<\/strong> Unidad para la Igualdad<br \/>\n<strong>Subvenciona:<\/strong> Con cargo a los recursos del Pacto de Estado contra la Violencia de G\u00e9nero del Ministerio de la Presidencia, Relaciones con las Cortes e Igualdad, gestionados a trav\u00e9s de la Consejer\u00eda de Igualdad, Pol\u00edticas Sociales y Conciliaci\u00f3n de la Junta de Andaluc\u00eda.<br \/>\n<strong>Docente: <\/strong>Violeta Mar\u00eda de Siqueira Holanda<br \/>\n<strong>Realizaci\u00f3n: <\/strong>Actividad <span style=\"text-decoration: underline;\">online<\/span><\/p>\n<p style=\"padding-left: 40px; text-align: left;\"><strong>Edici\u00f3n 1\u00aa<\/strong><\/p>\n<p style=\"padding-left: 80px; text-align: left;\"><strong>PDI\/PAS: <\/strong>23 y 24 de noviembre de 2020, de 9 a 14 horas.<\/p>\n<p style=\"padding-left: 80px;\"><strong>Estudiantes:<\/strong> 26 y 27 de noviembre de 2020, de 9 a 14 horas.<\/p>\n<p style=\"padding-left: 40px;\"><strong>Edici\u00f3n 2\u00aa<\/strong><\/p>\n<p style=\"padding-left: 80px;\"><strong>Estudiantes:<\/strong> 2 y 4 de diciembre de 2020, de 9 a 14 horas.<\/p>\n<p style=\"padding-left: 40px;\"><strong>Edici\u00f3n 3\u00aa<\/strong><\/p>\n<p style=\"padding-left: 80px;\"><strong>Estudiantes:<\/strong> 10 y 11 de diciembre de 2020, de 9 a 14 horas.<\/p>\n<p><strong>Horas:<\/strong> 10 horas por grupo<br \/>\n<strong>Requisitos: <\/strong>PDI, PAS o Estudiantes de la US.<br \/>\n<strong>Plazas:<\/strong> 25 PDI\/PAS (15 PDI + 10 PAS). 20 Estudiantes. Por grupo.<br \/>\n<strong>Inscripci\u00f3n: <\/strong>Gratuita hasta completar aforo, previa inscripci\u00f3n.<\/p>\n<ul style=\"list-style-type: circle;\">\n<li>PDI en AFOROS <span style=\"color: #993366;\"><a style=\"color: #993366;\" href=\"https:\/\/sfep.us.es\/wsfep\/sfep\/cursos_aforos.html\" target=\"_blank\" rel=\"noopener noreferrer\">https:\/\/sfep.us.es\/wsfep\/sfep\/cursos_aforos.html<\/a><\/span><\/li>\n<li>PAS en FORPAS <span style=\"color: #993366;\"><a style=\"color: #993366;\" href=\"http:\/\/recursoshumanos.us.es\/index.php?page=forpas\" target=\"_blank\" rel=\"noopener noreferrer\">http:\/\/recursoshumanos.us.es\/index.php?page=forpas<\/a><\/span><\/li>\n<li>ESTUDIANTES, hasta completar plazas, <a href=\"https:\/\/forms.gle\/6RceLrX4rqGkdqaP7\" target=\"_blank\" rel=\"noopener noreferrer\"><span style=\"color: #993366;\">aqu\u00ed<\/span><\/a><\/li>\n<\/ul>\n<p><strong>Reconocimiento: <\/strong>ICE (PDI); FORPAS (PAS); ESTUDIANTE pendiente de homologaci\u00f3n con 0,4 ECTS por la US.<\/p>\n<p>&nbsp;<\/p>\n<p><a href=\"https:\/\/igualdad.us.es\/wpblog\/wp-content\/uploads\/2020\/10\/MIGU.Gob_logo-color_-scaled.jpg\"><img loading=\"lazy\" decoding=\"async\" class=\"aligncenter wp-image-4060 size-medium\" src=\"https:\/\/igualdad.us.es\/wpblog\/wp-content\/uploads\/2020\/10\/MIGU.Gob_logo-color_-300x97.jpg\" alt=\"\" width=\"300\" height=\"97\" srcset=\"https:\/\/igualdad.us.es\/wpblog\/wp-content\/uploads\/2020\/10\/MIGU.Gob_logo-color_-300x97.jpg 300w, https:\/\/igualdad.us.es\/wpblog\/wp-content\/uploads\/2020\/10\/MIGU.Gob_logo-color_-1024x331.jpg 1024w, https:\/\/igualdad.us.es\/wpblog\/wp-content\/uploads\/2020\/10\/MIGU.Gob_logo-color_-768x248.jpg 768w, https:\/\/igualdad.us.es\/wpblog\/wp-content\/uploads\/2020\/10\/MIGU.Gob_logo-color_-1536x496.jpg 1536w, https:\/\/igualdad.us.es\/wpblog\/wp-content\/uploads\/2020\/10\/MIGU.Gob_logo-color_-2048x662.jpg 2048w\" sizes=\"auto, (max-width: 300px) 100vw, 300px\" \/><\/a><a href=\"https:\/\/igualdad.us.es\/wpblog\/wp-content\/uploads\/2020\/10\/PactoEstado_logo-color_.png\"><img loading=\"lazy\" decoding=\"async\" class=\"wp-image-4061 size-medium aligncenter\" src=\"https:\/\/igualdad.us.es\/wpblog\/wp-content\/uploads\/2020\/10\/PactoEstado_logo-color_-300x230.png\" alt=\"\" width=\"300\" height=\"230\" srcset=\"https:\/\/igualdad.us.es\/wpblog\/wp-content\/uploads\/2020\/10\/PactoEstado_logo-color_-300x230.png 300w, https:\/\/igualdad.us.es\/wpblog\/wp-content\/uploads\/2020\/10\/PactoEstado_logo-color_-768x589.png 768w, https:\/\/igualdad.us.es\/wpblog\/wp-content\/uploads\/2020\/10\/PactoEstado_logo-color_.png 882w\" sizes=\"auto, (max-width: 300px) 100vw, 300px\" \/><\/a><a href=\"https:\/\/igualdad.us.es\/wpblog\/wp-content\/uploads\/2020\/10\/Junta.de_.Andalucia_Igualdad_logo.png\"><img loading=\"lazy\" decoding=\"async\" class=\"size-medium wp-image-4064 aligncenter\" src=\"https:\/\/igualdad.us.es\/wpblog\/wp-content\/uploads\/2020\/10\/Junta.de_.Andalucia_Igualdad_logo-300x241.png\" alt=\"\" width=\"300\" height=\"241\" srcset=\"https:\/\/igualdad.us.es\/wpblog\/wp-content\/uploads\/2020\/10\/Junta.de_.Andalucia_Igualdad_logo-300x241.png 300w, https:\/\/igualdad.us.es\/wpblog\/wp-content\/uploads\/2020\/10\/Junta.de_.Andalucia_Igualdad_logo-1024x823.png 1024w, https:\/\/igualdad.us.es\/wpblog\/wp-content\/uploads\/2020\/10\/Junta.de_.Andalucia_Igualdad_logo-768x617.png 768w, https:\/\/igualdad.us.es\/wpblog\/wp-content\/uploads\/2020\/10\/Junta.de_.Andalucia_Igualdad_logo-1536x1235.png 1536w, https:\/\/igualdad.us.es\/wpblog\/wp-content\/uploads\/2020\/10\/Junta.de_.Andalucia_Igualdad_logo.png 1841w\" sizes=\"auto, (max-width: 300px) 100vw, 300px\" \/><\/a><\/p>\n","protected":false},"excerpt":{"rendered":"<p>Onlien. PDI\/PAS los d\u00edas 23 y 24 de noviembre de 2020. Estudiantes los d\u00edas 26 y 27 de noviembre de 2020. Ambos de 9h a 14h horas.<\/p>\n","protected":false},"author":1,"featured_media":4185,"comment_status":"closed","ping_status":"closed","sticky":false,"template":"","format":"standard","meta":{"footnotes":""},"categories":[31,39,29,25,27],"tags":[],"class_list":["post-4184","post","type-post","status-publish","format-standard","has-post-thumbnail","hentry","category-actividad","category-actividad-propia","category-formacion","category-formacion-propia","category-noticia"],"gutentor_comment":0,"_links":{"self":[{"href":"https:\/\/igualdad.us.es\/wpblog\/wp-json\/wp\/v2\/posts\/4184","targetHints":{"allow":["GET"]}}],"collection":[{"href":"https:\/\/igualdad.us.es\/wpblog\/wp-json\/wp\/v2\/posts"}],"about":[{"href":"https:\/\/igualdad.us.es\/wpblog\/wp-json\/wp\/v2\/types\/post"}],"author":[{"embeddable":true,"href":"https:\/\/igualdad.us.es\/wpblog\/wp-json\/wp\/v2\/users\/1"}],"replies":[{"embeddable":true,"href":"https:\/\/igualdad.us.es\/wpblog\/wp-json\/wp\/v2\/comments?post=4184"}],"version-history":[{"count":5,"href":"https:\/\/igualdad.us.es\/wpblog\/wp-json\/wp\/v2\/posts\/4184\/revisions"}],"predecessor-version":[{"id":4384,"href":"https:\/\/igualdad.us.es\/wpblog\/wp-json\/wp\/v2\/posts\/4184\/revisions\/4384"}],"wp:featuredmedia":[{"embeddable":true,"href":"https:\/\/igualdad.us.es\/wpblog\/wp-json\/wp\/v2\/media\/4185"}],"wp:attachment":[{"href":"https:\/\/igualdad.us.es\/wpblog\/wp-json\/wp\/v2\/media?parent=4184"}],"wp:term":[{"taxonomy":"category","embeddable":true,"href":"https:\/\/igualdad.us.es\/wpblog\/wp-json\/wp\/v2\/categories?post=4184"},{"taxonomy":"post_tag","embeddable":true,"href":"https:\/\/igualdad.us.es\/wpblog\/wp-json\/wp\/v2\/tags?post=4184"}],"curies":[{"name":"wp","href":"https:\/\/api.w.org\/{rel}","templated":true}]}}