{"id":4156,"date":"2020-10-28T12:07:37","date_gmt":"2020-10-28T11:07:37","guid":{"rendered":"https:\/\/igualdad.us.es\/?p=4156"},"modified":"2021-01-19T10:02:28","modified_gmt":"2021-01-19T09:02:28","slug":"taller-sensibilizacion-sobre-la-igualdad-de-oportunidades-profesionales-en-consultoria-y-auditoria","status":"publish","type":"post","link":"https:\/\/igualdad.us.es\/wpblog\/taller-sensibilizacion-sobre-la-igualdad-de-oportunidades-profesionales-en-consultoria-y-auditoria\/","title":{"rendered":"Taller Sensibilizaci\u00f3n sobre la igualdad de oportunidades profesionales en consultor\u00eda y auditor\u00eda"},"content":{"rendered":"<p><span style=\"color: #993366;\"><strong>Taller Sensibilizaci\u00f3n sobre la igualdad de <span style=\"color: #993366;\">oportunidades<\/span> profesionales en consultor\u00eda y auditor\u00eda<br \/>\n<\/strong><\/span><span style=\"color: #999999;\">(Iniciativa-Igualdad-2020.14100)<\/span><\/p>\n<p style=\"text-align: justify;\">M\u00e1s de la mitad de los egresados de las Universidades son mujeres, sin embargo, no llegan al 20% las que desarrollan su carrera profesional en auditor\u00eda y consultor\u00eda. Conflictos entre las responsabilidades fuera del trabajo y en la profesi\u00f3n, la falta de modelos de roles femeninos o la falta de orientaci\u00f3n profesional, limitan a menudo las aspiraciones de las egresadas. En Se propone en el taller una mesa redonda de mujeres profesionales, que sensibilicen, y animen a las alumnas a que desarrollen su profesi\u00f3n, eliminando estereotipos y mitos y promoviendo la igualdad de oportunidades.<\/p>\n<p><strong>Organiza: <\/strong>Departamento de Contabilidad y Econom\u00eda Financiera de la US.<br \/>\n<strong>Colabora:<\/strong><span class=\"texto_gris\"> Unidad para la Igualdad de la US<\/span>.<br \/>\n<strong>Realizaci\u00f3n:<\/strong> Online el 13 de noviembre de 2020, a las 10:00 horas (duraci\u00f3n estimada 2 horas).<br \/>\n<strong>Inscripci\u00f3n:<\/strong> gratuita hasta completar aforo, previa inscripci\u00f3n <a href=\"https:\/\/forms.office.com\/Pages\/ResponsePage.aspx?id=TmhK77WBHEmpjsezG-bEaVnsDlnttJtKkAzOvQ9F9cRUQTRQRFlVQVFWRlFBUE5FSjJUUURUVTI0Ry4u\" target=\"_blank\" rel=\"noopener noreferrer\"><span style=\"color: #993366;\">Aqu\u00ed<\/span><\/a>.<br \/>\n<strong>Publicidad: <\/strong><span style=\"color: #993366;\"><a style=\"color: #993366;\" href=\"https:\/\/igualdad.us.es\/wpblog\/wp-content\/uploads\/2020\/10\/Ayuda-14100_Publicidad-cartel.pdf\" target=\"_blank\" rel=\"noopener noreferrer\">Cartel<\/a> <\/span>&#8211; <a href=\"https:\/\/igualdad.us.es\/wpblog\/wp-content\/uploads\/2020\/10\/Ayuda-14100_Programa-invitacion.pdf\" target=\"_blank\" rel=\"noopener noreferrer\"><span style=\"color: #993366;\">Programa<\/span><\/a><br \/>\n<span style=\"color: #993366;\"><a style=\"color: #993366;\" href=\"https:\/\/igualdad.us.es\/?page_id=2150\">Ver todas las iniciativas de igualdad<\/a><\/span><\/p>\n","protected":false},"excerpt":{"rendered":"<p>Online el 13 de noviembre de 2020, a las 10:00 horas<\/p>\n","protected":false},"author":1,"featured_media":4160,"comment_status":"closed","ping_status":"closed","sticky":false,"template":"","format":"standard","meta":{"footnotes":""},"categories":[31,29,42,26,27],"tags":[],"class_list":["post-4156","post","type-post","status-publish","format-standard","has-post-thumbnail","hentry","category-actividad","category-formacion","category-formacion-iniciativa","category-iniciativa-igualdad","category-noticia"],"gutentor_comment":0,"_links":{"self":[{"href":"https:\/\/igualdad.us.es\/wpblog\/wp-json\/wp\/v2\/posts\/4156","targetHints":{"allow":["GET"]}}],"collection":[{"href":"https:\/\/igualdad.us.es\/wpblog\/wp-json\/wp\/v2\/posts"}],"about":[{"href":"https:\/\/igualdad.us.es\/wpblog\/wp-json\/wp\/v2\/types\/post"}],"author":[{"embeddable":true,"href":"https:\/\/igualdad.us.es\/wpblog\/wp-json\/wp\/v2\/users\/1"}],"replies":[{"embeddable":true,"href":"https:\/\/igualdad.us.es\/wpblog\/wp-json\/wp\/v2\/comments?post=4156"}],"version-history":[{"count":5,"href":"https:\/\/igualdad.us.es\/wpblog\/wp-json\/wp\/v2\/posts\/4156\/revisions"}],"predecessor-version":[{"id":4295,"href":"https:\/\/igualdad.us.es\/wpblog\/wp-json\/wp\/v2\/posts\/4156\/revisions\/4295"}],"wp:featuredmedia":[{"embeddable":true,"href":"https:\/\/igualdad.us.es\/wpblog\/wp-json\/wp\/v2\/media\/4160"}],"wp:attachment":[{"href":"https:\/\/igualdad.us.es\/wpblog\/wp-json\/wp\/v2\/media?parent=4156"}],"wp:term":[{"taxonomy":"category","embeddable":true,"href":"https:\/\/igualdad.us.es\/wpblog\/wp-json\/wp\/v2\/categories?post=4156"},{"taxonomy":"post_tag","embeddable":true,"href":"https:\/\/igualdad.us.es\/wpblog\/wp-json\/wp\/v2\/tags?post=4156"}],"curies":[{"name":"wp","href":"https:\/\/api.w.org\/{rel}","templated":true}]}}