{"id":4025,"date":"2020-10-14T06:51:42","date_gmt":"2020-10-14T05:51:42","guid":{"rendered":"https:\/\/igualdad.us.es\/?p=4025"},"modified":"2021-01-19T10:03:54","modified_gmt":"2021-01-19T09:03:54","slug":"debate-aula-de-pensamiento-critico-feminismo-inclusivo-mas-alla-de-la-identidad","status":"publish","type":"post","link":"https:\/\/igualdad.us.es\/wpblog\/debate-aula-de-pensamiento-critico-feminismo-inclusivo-mas-alla-de-la-identidad\/","title":{"rendered":"Debate Aula de pensamiento cr\u00edtico, feminismo inclusivo m\u00e1s all\u00e1 de la identidad"},"content":{"rendered":"<p><span style=\"color: #993366;\"><strong>Conferencia Aula de pensamiento cr\u00edtico: A vuelta con el <span style=\"color: #993366;\">sujeto<\/span> feminista. Un feminismo inclusivo m\u00e1s all\u00e1 de la identidad<br \/>\n<\/strong><\/span><span style=\"color: #999999;\">(Iniciativa-Igualdad-2020. Ref.14073)<\/span><\/p>\n<p style=\"text-align: justify;\"><span lang=\"ES-TRAD\">En un contexto de expansi\u00f3n del movimiento feminista, han cobrado fuerza y mayor visibilidad viejas pol<\/span><span lang=\"FR\">\u00e9<\/span><span lang=\"ES-TRAD\">micas en torno al sujeto del feminismo: la inclusi\u00f3n de personas trans, el papel de los chicos, etc.<\/span><\/p>\n<p style=\"text-align: justify;\"><span lang=\"ES-TRAD\">Tendremos la oportunidad de interrogarnos sobre c\u00f3mo construir un feminismo inclusivo en tiempos de auge de los identitarismos. Y lo haremos aportando ideas que hagan accesible este debate, compartiendo argumentos para complejizar la reflexi\u00f3n y promover el di\u00e1<\/span><span lang=\"PT\">logo<\/span><span lang=\"ES-TRAD\">, contribuyendo as\u00ed a la transformaci\u00f3n social.<\/span><\/p>\n<p><strong>Organiza: <\/strong>Asociaci\u00f3n Acci\u00f3n en Red de Andaluc\u00eda.<br \/>\n<strong>Colabora:<\/strong><span class=\"texto_gris\"> Unidad para la Igualdad de la US<\/span>.<br \/>\n<strong>Realizaci\u00f3n: <\/strong><del>Presencial<\/del> (por motivos del estado de alarma se cambia a virtual) <strong>29 dee octubre de 2020, a partir de las 18h, <\/strong><del>Sala multiusos Pabell\u00f3n de Uruguay de la US<\/del>.<br \/>\n<strong>Inscripci\u00f3n:<\/strong> Gratuita y hasta agotar plazas, previa inscripci\u00f3n <a href=\"https:\/\/forms.gle\/aam1MKqapSkWFprq9\" target=\"_blank\" rel=\"noopener noreferrer\"><span style=\"color: #993366;\">aqu\u00ed<\/span><\/a><br \/>\n<strong>+ Informaci\u00f3n: <\/strong><a href=\"http:\/\/www.accionenred-andalucia.org\/\" target=\"_blank\" rel=\"noopener noreferrer\"><span style=\"color: #993366;\">www.accionenred-andalucia.org<\/span><\/a><br \/>\n<strong>Publicidad:<\/strong> <a href=\"https:\/\/igualdad.us.es\/wpblog\/wp-content\/uploads\/2020\/10\/Subvencion-14073_cartel.pdf\" target=\"_blank\" rel=\"noopener noreferrer\"><span style=\"color: #993366;\">Cartel<\/span><\/a><\/p>\n<p>Os dejamos\u00a0una p\u00edldora de lo que veremos en el Aula de Pensamiento Cr\u00edtico y una demostraci\u00f3n de personas muy diversas poniendo de su parte para construir un <strong>feminismo inclusivo y transformador.<\/strong><\/p>\n<p><iframe loading=\"lazy\" title=\"Aula de Pensamiento Cr\u00edtico: \u201cUn feminismo inclusivo m\u00e1s all\u00e1 de la identidad\u201d\" width=\"640\" height=\"360\" src=\"https:\/\/www.youtube.com\/embed\/r1prT_XcRTM?feature=oembed\" frameborder=\"0\" allow=\"accelerometer; autoplay; clipboard-write; encrypted-media; gyroscope; picture-in-picture; web-share\" referrerpolicy=\"strict-origin-when-cross-origin\" allowfullscreen><\/iframe><\/p>\n<p><span style=\"color: #993366;\"><a style=\"color: #993366;\" href=\"https:\/\/igualdad.us.es\/?page_id=3843\">Ver <span style=\"color: #993366;\">todas<\/span> las iniciativas de igualdad<\/a><\/span><\/p>\n","protected":false},"excerpt":{"rendered":"<p>Presencial 29 de octubre de 2020<\/p>\n","protected":false},"author":1,"featured_media":4026,"comment_status":"closed","ping_status":"closed","sticky":false,"template":"","format":"standard","meta":{"footnotes":""},"categories":[31,29,42,26,27],"tags":[],"class_list":["post-4025","post","type-post","status-publish","format-standard","has-post-thumbnail","hentry","category-actividad","category-formacion","category-formacion-iniciativa","category-iniciativa-igualdad","category-noticia"],"gutentor_comment":0,"_links":{"self":[{"href":"https:\/\/igualdad.us.es\/wpblog\/wp-json\/wp\/v2\/posts\/4025","targetHints":{"allow":["GET"]}}],"collection":[{"href":"https:\/\/igualdad.us.es\/wpblog\/wp-json\/wp\/v2\/posts"}],"about":[{"href":"https:\/\/igualdad.us.es\/wpblog\/wp-json\/wp\/v2\/types\/post"}],"author":[{"embeddable":true,"href":"https:\/\/igualdad.us.es\/wpblog\/wp-json\/wp\/v2\/users\/1"}],"replies":[{"embeddable":true,"href":"https:\/\/igualdad.us.es\/wpblog\/wp-json\/wp\/v2\/comments?post=4025"}],"version-history":[{"count":6,"href":"https:\/\/igualdad.us.es\/wpblog\/wp-json\/wp\/v2\/posts\/4025\/revisions"}],"predecessor-version":[{"id":4168,"href":"https:\/\/igualdad.us.es\/wpblog\/wp-json\/wp\/v2\/posts\/4025\/revisions\/4168"}],"wp:featuredmedia":[{"embeddable":true,"href":"https:\/\/igualdad.us.es\/wpblog\/wp-json\/wp\/v2\/media\/4026"}],"wp:attachment":[{"href":"https:\/\/igualdad.us.es\/wpblog\/wp-json\/wp\/v2\/media?parent=4025"}],"wp:term":[{"taxonomy":"category","embeddable":true,"href":"https:\/\/igualdad.us.es\/wpblog\/wp-json\/wp\/v2\/categories?post=4025"},{"taxonomy":"post_tag","embeddable":true,"href":"https:\/\/igualdad.us.es\/wpblog\/wp-json\/wp\/v2\/tags?post=4025"}],"curies":[{"name":"wp","href":"https:\/\/api.w.org\/{rel}","templated":true}]}}