{"id":3999,"date":"2020-10-05T12:13:50","date_gmt":"2020-10-05T11:13:50","guid":{"rendered":"https:\/\/igualdad.us.es\/?p=3999"},"modified":"2024-10-18T09:47:10","modified_gmt":"2024-10-18T08:47:10","slug":"curso-el-buentrato-como-herramienta-de-prevencion-de-la-violencia-de-genero","status":"publish","type":"post","link":"https:\/\/igualdad.us.es\/wpblog\/curso-el-buentrato-como-herramienta-de-prevencion-de-la-violencia-de-genero\/","title":{"rendered":"Curso El Buentrato como herramienta de prevenci\u00f3n de la Violencia de G\u00e9nero"},"content":{"rendered":"<p><span style=\"color: #993366;\"><strong>Curso El Buentrato como herramienta de prevenci\u00f3n de la Violencia de G\u00e9nero<br \/>\n<\/strong><\/span><span style=\"color: #999999;\">(Formaci\u00f3n propia-2020)<\/span><\/p>\n<p>Se pretende adquirir conocimiento y herramientas para la prevenci\u00f3n de la violencia de g\u00e9nero en el contexto individual, relacional y social a trav\u00e9s de la promoci\u00f3n del Buentrato.<\/p>\n<p>Se abordar\u00e1n como <strong>objetivos<\/strong> espec\u00edficos:<\/p>\n<ul>\n<li>Comprender el g\u00e9nero como herramienta de an\u00e1lisis de la realidad, que visibiliza las inequidades de g\u00e9nero.<\/li>\n<li>Visibilizar el origen, las din\u00e1micas y el mantenimiento de la violencia de g\u00e9nero.<\/li>\n<li>Reflexionar sobre la construcci\u00f3n de la identidad de g\u00e9nero.<\/li>\n<li>Analizar el concepto del amor.<\/li>\n<li>Comprender los elementos que conforman los v\u00ednculos afectivos.<\/li>\n<li>Comprender los efectos de la violencia de g\u00e9nero sobre la salud.<\/li>\n<li>Fomentar el cambio de modelo de los v\u00ednculos afectivos, del maltrato al buentrato.<\/li>\n<li>Construir estrategias colectivas para la prevenci\u00f3n.<\/li>\n<li>Promocionar el Buentrato en el \u00e1mbito personal, relacional y social.<\/li>\n<\/ul>\n<p>Sus <strong>contenidos<\/strong> son:<\/p>\n<p style=\"padding-left: 40px;\"><strong><u>PARTE 1<\/u><\/strong><\/p>\n<p style=\"padding-left: 40px;\">P1.1.- Violencia de g\u00e9nero.<br \/>\nP1.2.- Identidad, roles, estereotipos de g\u00e9nero.<br \/>\nP1.3.- Elementos v\u00ednculos afectivos (I): concepto del amor, espacio personal, fusi\u00f3n\/separaci\u00f3n.<\/p>\n<p style=\"padding-left: 40px;\"><strong><u>PARTE 2<\/u><\/strong><\/p>\n<p style=\"padding-left: 40px;\">P2.1.- Elementos v\u00ednculos afectivos (II): seducci\u00f3n, guiones de vida, amor desamor.<br \/>\nP2.2.- Proyectos de buentrato.<\/p>\n<p><strong>Organiza:<\/strong> Unidad para la Igualdad<br \/>\n<strong>Subvenciona:<\/strong> Con cargo a los recursos del Pacto de Estado contra la Violencia de G\u00e9nero del Ministerio de la Presidencia, Relaciones con las Cortes e Igualdad, gestionados a trav\u00e9s de la Consejer\u00eda de Igualdad, Pol\u00edticas Sociales y Conciliaci\u00f3n de la Junta de Andaluc\u00eda.<br \/>\n<strong>Docente: <\/strong>Susana Serrano Forero y Almudena Andr\u00e9s Domingo<br \/>\n<strong>Realizaci\u00f3n: <\/strong>Actividad <span style=\"text-decoration: underline;\">online<\/span><\/p>\n<p style=\"padding-left: 40px; text-align: left;\"><strong>PDI\/PAS <\/strong>20 y 27 de octubre, 3, 10 y 17 y 24 de noviembre de 2020. De 17h a 20h los d\u00edas 27 de octubre, 3, 10 y 17 de noviembre y de 16h a 20h los d\u00edas 20 de octubre y 24 de noviembre.<\/p>\n<p style=\"padding-left: 40px;\"><strong>Estudiantes<\/strong> 22 y 29 de octubre, 5, 12 y 19 y 26 de noviembre de 2020. De 17h a 20h los d\u00edas 29 de octubre, 5 y 19 y 26 de noviembre y de 16h a 20h los d\u00edas 22 de octubre y 12 de noviembre.<\/p>\n<p><strong>Horas:<\/strong> 20 horas por grupo<br \/>\n<strong>Requisitos: <\/strong>PDI, PAS o Estudiantes de la US.<br \/>\n<strong>Plazas:<\/strong> 16 PDI\/PAS (8 PDI + 8 PAS). 16 Estudiantes<br \/>\n<strong>Inscripci\u00f3n: <\/strong>Gratuita hasta completar aforo, previa inscripci\u00f3n.<\/p>\n<ul style=\"list-style-type: circle;\">\n<li>PDI en AFOROS <span style=\"color: #993366;\"><a style=\"color: #993366;\" href=\"https:\/\/sfep.us.es\/wsfep\/sfep\/cursos_aforos.html\" target=\"_blank\" rel=\"noopener noreferrer\">https:\/\/sfep.us.es\/wsfep\/sfep\/cursos_aforos.html<\/a><\/span><\/li>\n<li>PAS en FORPAS <span style=\"color: #993366;\"><a style=\"color: #993366;\" href=\"https:\/\/forms.gle\/ERLkbyZ6yhE5z6qp7\" target=\"_blank\" rel=\"noopener noreferrer\">https:\/\/recursoshumanos.us.es\/index.php?page=forpas<\/a><\/span><\/li>\n<li>ESTUDIANTES, hasta el 19\/10\/2020, <a href=\"https:\/\/forms.gle\/sTUPJGjCM4qusxVV8\" target=\"_blank\" rel=\"noopener noreferrer\"><span style=\"color: #993366;\">aqu\u00ed<\/span><\/a><\/li>\n<\/ul>\n<p><strong>Reconocimiento: <\/strong>ICE (PDI); FORPAS (PAS); ESTUDIANTE pendiente de homologaci\u00f3n con 0,8 ECTS por la US.<\/p>\n<p>&nbsp;<\/p>\n<p><a href=\"https:\/\/igualdad.us.es\/wpblog\/wp-content\/uploads\/2020\/10\/MIGU.Gob_logo-color_-scaled.jpg\"><img loading=\"lazy\" decoding=\"async\" class=\"aligncenter wp-image-4060 size-medium\" src=\"https:\/\/igualdad.us.es\/wpblog\/wp-content\/uploads\/2020\/10\/MIGU.Gob_logo-color_-300x97.jpg\" alt=\"\" width=\"300\" height=\"97\" srcset=\"https:\/\/igualdad.us.es\/wpblog\/wp-content\/uploads\/2020\/10\/MIGU.Gob_logo-color_-300x97.jpg 300w, https:\/\/igualdad.us.es\/wpblog\/wp-content\/uploads\/2020\/10\/MIGU.Gob_logo-color_-1024x331.jpg 1024w, https:\/\/igualdad.us.es\/wpblog\/wp-content\/uploads\/2020\/10\/MIGU.Gob_logo-color_-768x248.jpg 768w, https:\/\/igualdad.us.es\/wpblog\/wp-content\/uploads\/2020\/10\/MIGU.Gob_logo-color_-1536x496.jpg 1536w, https:\/\/igualdad.us.es\/wpblog\/wp-content\/uploads\/2020\/10\/MIGU.Gob_logo-color_-2048x662.jpg 2048w\" sizes=\"auto, (max-width: 300px) 100vw, 300px\" \/><\/a><a href=\"https:\/\/igualdad.us.es\/wpblog\/wp-content\/uploads\/2020\/10\/PactoEstado_logo-color_.png\"><img loading=\"lazy\" decoding=\"async\" class=\"wp-image-4061 size-medium aligncenter\" src=\"https:\/\/igualdad.us.es\/wpblog\/wp-content\/uploads\/2020\/10\/PactoEstado_logo-color_-300x230.png\" alt=\"\" width=\"300\" height=\"230\" srcset=\"https:\/\/igualdad.us.es\/wpblog\/wp-content\/uploads\/2020\/10\/PactoEstado_logo-color_-300x230.png 300w, https:\/\/igualdad.us.es\/wpblog\/wp-content\/uploads\/2020\/10\/PactoEstado_logo-color_-768x589.png 768w, https:\/\/igualdad.us.es\/wpblog\/wp-content\/uploads\/2020\/10\/PactoEstado_logo-color_.png 882w\" sizes=\"auto, (max-width: 300px) 100vw, 300px\" \/><\/a><a href=\"https:\/\/igualdad.us.es\/wpblog\/wp-content\/uploads\/2020\/10\/Junta.de_.Andalucia_Igualdad_logo.png\"><img loading=\"lazy\" decoding=\"async\" class=\"size-medium wp-image-4064 aligncenter\" src=\"https:\/\/igualdad.us.es\/wpblog\/wp-content\/uploads\/2020\/10\/Junta.de_.Andalucia_Igualdad_logo-300x241.png\" alt=\"\" width=\"300\" height=\"241\" srcset=\"https:\/\/igualdad.us.es\/wpblog\/wp-content\/uploads\/2020\/10\/Junta.de_.Andalucia_Igualdad_logo-300x241.png 300w, https:\/\/igualdad.us.es\/wpblog\/wp-content\/uploads\/2020\/10\/Junta.de_.Andalucia_Igualdad_logo-1024x823.png 1024w, https:\/\/igualdad.us.es\/wpblog\/wp-content\/uploads\/2020\/10\/Junta.de_.Andalucia_Igualdad_logo-768x617.png 768w, https:\/\/igualdad.us.es\/wpblog\/wp-content\/uploads\/2020\/10\/Junta.de_.Andalucia_Igualdad_logo-1536x1235.png 1536w, https:\/\/igualdad.us.es\/wpblog\/wp-content\/uploads\/2020\/10\/Junta.de_.Andalucia_Igualdad_logo.png 1841w\" sizes=\"auto, (max-width: 300px) 100vw, 300px\" \/><\/a><\/p>\n","protected":false},"excerpt":{"rendered":"<p>Actividad onlien. PDI\/PAS los d\u00edas 20 y 27 de octubre, 3, 10 y 17 y 24 de noviembre de 2020. Estudiantes los d\u00edas 22 y 29 de octubre, 5, 12 y 19 y 26 de noviembre de 2020.<\/p>\n","protected":false},"author":1,"featured_media":4072,"comment_status":"closed","ping_status":"closed","sticky":false,"template":"","format":"standard","meta":{"footnotes":""},"categories":[31,39,29,25,27],"tags":[],"class_list":["post-3999","post","type-post","status-publish","format-standard","has-post-thumbnail","hentry","category-actividad","category-actividad-propia","category-formacion","category-formacion-propia","category-noticia"],"gutentor_comment":0,"_links":{"self":[{"href":"https:\/\/igualdad.us.es\/wpblog\/wp-json\/wp\/v2\/posts\/3999","targetHints":{"allow":["GET"]}}],"collection":[{"href":"https:\/\/igualdad.us.es\/wpblog\/wp-json\/wp\/v2\/posts"}],"about":[{"href":"https:\/\/igualdad.us.es\/wpblog\/wp-json\/wp\/v2\/types\/post"}],"author":[{"embeddable":true,"href":"https:\/\/igualdad.us.es\/wpblog\/wp-json\/wp\/v2\/users\/1"}],"replies":[{"embeddable":true,"href":"https:\/\/igualdad.us.es\/wpblog\/wp-json\/wp\/v2\/comments?post=3999"}],"version-history":[{"count":10,"href":"https:\/\/igualdad.us.es\/wpblog\/wp-json\/wp\/v2\/posts\/3999\/revisions"}],"predecessor-version":[{"id":7804,"href":"https:\/\/igualdad.us.es\/wpblog\/wp-json\/wp\/v2\/posts\/3999\/revisions\/7804"}],"wp:featuredmedia":[{"embeddable":true,"href":"https:\/\/igualdad.us.es\/wpblog\/wp-json\/wp\/v2\/media\/4072"}],"wp:attachment":[{"href":"https:\/\/igualdad.us.es\/wpblog\/wp-json\/wp\/v2\/media?parent=3999"}],"wp:term":[{"taxonomy":"category","embeddable":true,"href":"https:\/\/igualdad.us.es\/wpblog\/wp-json\/wp\/v2\/categories?post=3999"},{"taxonomy":"post_tag","embeddable":true,"href":"https:\/\/igualdad.us.es\/wpblog\/wp-json\/wp\/v2\/tags?post=3999"}],"curies":[{"name":"wp","href":"https:\/\/api.w.org\/{rel}","templated":true}]}}