{"id":3957,"date":"2020-10-02T18:52:21","date_gmt":"2020-10-02T17:52:21","guid":{"rendered":"https:\/\/igualdad.us.es\/?p=3957"},"modified":"2021-01-19T10:04:31","modified_gmt":"2021-01-19T09:04:31","slug":"curso-genero-y-sexualidad","status":"publish","type":"post","link":"https:\/\/igualdad.us.es\/wpblog\/curso-genero-y-sexualidad\/","title":{"rendered":"Curso G\u00e9nero y sexualidad"},"content":{"rendered":"<p><span style=\"color: #993366;\"><strong>Curso G\u00e9nero y sexualidad: generando espacios para el di\u00e1logo y el empoderamiento desde una perspectiva interseccional<br \/>\n<\/strong><\/span><span style=\"color: #999999;\">(Iniciativa-Igualdad-2020. Ref.14063)<\/span><\/p>\n<p style=\"text-align: justify;\">El curso tiene como objetivo la formaci\u00f3n y sensibilizaci\u00f3n del alumnado en cuestiones de g\u00e9nero, sexualidad y diversidad. Se impartir\u00e1n 3 talleres por expertos\/as en g\u00e9nero y sexualidad, con perspectiva de g\u00e9nero y metodolog\u00edas participativas.<\/p>\n<p><strong>Organiza: <\/strong>M. Roc\u00edo Garrido, profesora de la US y el Grupo de trabajo \u00abLiberate\u00bb de la Facultad de Psicolog\u00eda de la US.<br \/>\n<strong>Colabora:<\/strong><span class=\"texto_gris\"> Unidad para la Igualdad de la US<\/span>.<br \/>\n<strong>Realizaci\u00f3n: <\/strong>Presencial <strong>30 de octubre, 6 y 13 de noviembre de 2020, a partir de la 16:30h,<\/strong> en el Aula M\u00e1ster de la Facultad de Psicolog\u00eda de la US.<\/p>\n<p>30\/10\/2020-16:30h. TALLER BIO: Contextualizaci\u00f3n del g\u00e9nero y la sexualidad en los cuerpos<br \/>\n06\/11\/2020-16:30h. TALLER PSICO: La identidad de g\u00e9nero y su expresi\u00f3n afectivo-sexual en un mundo diverso<br \/>\n13\/11\/2020-16:30h. TALLER SOCIO: Avanzando hacia el empoderamiento de las mujeres desde una perspectiva interseccional<\/p>\n<p><strong>Inscripci\u00f3n:<\/strong> Gratuita hasta completar aforo reducido, siguiendo el protocolo anti-covid, previa inscripci\u00f3n <a href=\"https:\/\/forms.gle\/GTdt6Xzx5MBYpDaq6\" target=\"_blank\" rel=\"noopener noreferrer\"><span style=\"color: #993366;\">aqu\u00ed<\/span><\/a><br \/>\n<strong>Publicidad:<\/strong> <span style=\"color: #993366;\"><a style=\"color: #993366;\" href=\"https:\/\/igualdad.us.es\/wpblog\/wp-content\/uploads\/2020\/10\/Ayuda-14063_cartel.pdf\" target=\"_blank\" rel=\"noopener noreferrer\">Cartel<\/a><\/span> &#8211; <span style=\"color: #993366;\"><a style=\"color: #993366;\" href=\"https:\/\/igualdad.us.es\/wpblog\/wp-content\/uploads\/2020\/10\/Ayuda-14063_Publicidad-programa.pdf\" target=\"_blank\" rel=\"noopener noreferrer\">Programa<\/a><\/span><br \/>\n<span style=\"color: #993366;\"><a style=\"color: #993366;\" href=\"https:\/\/igualdad.us.es\/?page_id=3843\">Ver <span style=\"color: #993366;\">todas<\/span> las iniciativas de igualdad<\/a><\/span><\/p>\n","protected":false},"excerpt":{"rendered":"<p>Presencial 30 de octubre, 6 y 13 de noviembre de 2020<\/p>\n","protected":false},"author":1,"featured_media":3959,"comment_status":"closed","ping_status":"closed","sticky":false,"template":"","format":"standard","meta":{"footnotes":""},"categories":[31,29,42,26,27],"tags":[],"class_list":["post-3957","post","type-post","status-publish","format-standard","has-post-thumbnail","hentry","category-actividad","category-formacion","category-formacion-iniciativa","category-iniciativa-igualdad","category-noticia"],"gutentor_comment":0,"_links":{"self":[{"href":"https:\/\/igualdad.us.es\/wpblog\/wp-json\/wp\/v2\/posts\/3957","targetHints":{"allow":["GET"]}}],"collection":[{"href":"https:\/\/igualdad.us.es\/wpblog\/wp-json\/wp\/v2\/posts"}],"about":[{"href":"https:\/\/igualdad.us.es\/wpblog\/wp-json\/wp\/v2\/types\/post"}],"author":[{"embeddable":true,"href":"https:\/\/igualdad.us.es\/wpblog\/wp-json\/wp\/v2\/users\/1"}],"replies":[{"embeddable":true,"href":"https:\/\/igualdad.us.es\/wpblog\/wp-json\/wp\/v2\/comments?post=3957"}],"version-history":[{"count":7,"href":"https:\/\/igualdad.us.es\/wpblog\/wp-json\/wp\/v2\/posts\/3957\/revisions"}],"predecessor-version":[{"id":4395,"href":"https:\/\/igualdad.us.es\/wpblog\/wp-json\/wp\/v2\/posts\/3957\/revisions\/4395"}],"wp:featuredmedia":[{"embeddable":true,"href":"https:\/\/igualdad.us.es\/wpblog\/wp-json\/wp\/v2\/media\/3959"}],"wp:attachment":[{"href":"https:\/\/igualdad.us.es\/wpblog\/wp-json\/wp\/v2\/media?parent=3957"}],"wp:term":[{"taxonomy":"category","embeddable":true,"href":"https:\/\/igualdad.us.es\/wpblog\/wp-json\/wp\/v2\/categories?post=3957"},{"taxonomy":"post_tag","embeddable":true,"href":"https:\/\/igualdad.us.es\/wpblog\/wp-json\/wp\/v2\/tags?post=3957"}],"curies":[{"name":"wp","href":"https:\/\/api.w.org\/{rel}","templated":true}]}}