{"id":3949,"date":"2020-10-02T18:17:25","date_gmt":"2020-10-02T17:17:25","guid":{"rendered":"https:\/\/igualdad.us.es\/?p=3949"},"modified":"2021-01-19T10:04:35","modified_gmt":"2021-01-19T09:04:35","slug":"seminario-la-ciberviolencia-machista","status":"publish","type":"post","link":"https:\/\/igualdad.us.es\/wpblog\/seminario-la-ciberviolencia-machista\/","title":{"rendered":"Seminario La ciberviolencia machista"},"content":{"rendered":"<p><span style=\"color: #993366;\"><strong>Seminario La ciberviolencia machista<br \/>\n<\/strong><\/span><span style=\"color: #999999;\">(Iniciativa-Igualdad-2020. Ref.13932)<\/span><\/p>\n<p>A las tradicionales formas de violencia machista se han sumado otras que han surgido por el uso masivo e indiscriminado de las redes sociales. Esta ciberviolencia de g\u00e9nero se ejerce especialmente sobre la adolescencia y la juventud y se ha incrementado con la aparici\u00f3n de la ciberpornografia.<\/p>\n<p>En el Seminario se abordan las causas de este tipo de violencia, sus principales manifestaciones, las consecuencias y efectos devastadores sobre las v\u00edctimas, su prevenci\u00f3n, los cauces para denunciar estas agresiones dado que en muchos casos est\u00e1n contempladas como delitos en el c\u00f3digo penal, las estrategias para la prevenci\u00f3n desde la educaci\u00f3n en valores democr\u00e1ticos y derechos humanos.<\/p>\n<p><strong>Organiza:<\/strong> Asociaci\u00f3n de Mujeres P\u00e1ginas Violeta.<br \/>\n<strong>Colabora:<\/strong><span class=\"texto_gris\"> Unidad para la Igualdad de la US<\/span>.<br \/>\n<strong>Realizaci\u00f3n: <\/strong>actividad presencial los d\u00edas 21, 22 y 23 de octubre de 2020, 9.30 a 14.30 h, en sal\u00f3n de actos de la Facultad de CC. de la Educaci\u00f3n.<br \/>\n<strong>Inscripci\u00f3n:<\/strong> Gratuita hasta completar aforo, previa inscripci\u00f3n enviando formulario de inscripci\u00f3n a email <a href=\"mailto:paginas.violeta@gmail.com\" target=\"_blank\" rel=\"noopener noreferrer\"><span style=\"color: #993366;\">paginas.violeta@gmail.com<\/span><\/a><br \/>\n<strong>Dudas\/consultas:<\/strong> en los tel\u00e9fonos 679 295 174 \/ 696 389 131<br \/>\n<strong>Publicidad:<\/strong> <a href=\"https:\/\/igualdad.us.es\/wpblog\/wp-content\/uploads\/2020\/10\/Subvencion-13932_diptico.pdf\" target=\"_blank\" rel=\"noopener noreferrer\"><span style=\"color: #993366;\">D\u00edptico y formulario de inscripci\u00f3n<\/span><\/a> &#8211;\u00a0 <a href=\"https:\/\/igualdad.us.es\/wpblog\/wp-content\/uploads\/2020\/10\/Subvencion-13932_cartel.png\" target=\"_blank\" rel=\"noopener noreferrer\"><span style=\"color: #993366;\">Cartel<\/span><\/a><br \/>\n<span style=\"color: #993366;\"><a style=\"color: #993366;\" href=\"https:\/\/igualdad.us.es\/?page_id=3843\">Ver todas las iniciativas de igualdad<\/a><\/span><\/p>\n","protected":false},"excerpt":{"rendered":"<p>Presencial 21, 22 y 23 de octubre de 2020<\/p>\n","protected":false},"author":1,"featured_media":3951,"comment_status":"closed","ping_status":"closed","sticky":false,"template":"","format":"standard","meta":{"footnotes":""},"categories":[31,29,42,26,27],"tags":[],"class_list":["post-3949","post","type-post","status-publish","format-standard","has-post-thumbnail","hentry","category-actividad","category-formacion","category-formacion-iniciativa","category-iniciativa-igualdad","category-noticia"],"gutentor_comment":0,"_links":{"self":[{"href":"https:\/\/igualdad.us.es\/wpblog\/wp-json\/wp\/v2\/posts\/3949","targetHints":{"allow":["GET"]}}],"collection":[{"href":"https:\/\/igualdad.us.es\/wpblog\/wp-json\/wp\/v2\/posts"}],"about":[{"href":"https:\/\/igualdad.us.es\/wpblog\/wp-json\/wp\/v2\/types\/post"}],"author":[{"embeddable":true,"href":"https:\/\/igualdad.us.es\/wpblog\/wp-json\/wp\/v2\/users\/1"}],"replies":[{"embeddable":true,"href":"https:\/\/igualdad.us.es\/wpblog\/wp-json\/wp\/v2\/comments?post=3949"}],"version-history":[{"count":3,"href":"https:\/\/igualdad.us.es\/wpblog\/wp-json\/wp\/v2\/posts\/3949\/revisions"}],"predecessor-version":[{"id":3968,"href":"https:\/\/igualdad.us.es\/wpblog\/wp-json\/wp\/v2\/posts\/3949\/revisions\/3968"}],"wp:featuredmedia":[{"embeddable":true,"href":"https:\/\/igualdad.us.es\/wpblog\/wp-json\/wp\/v2\/media\/3951"}],"wp:attachment":[{"href":"https:\/\/igualdad.us.es\/wpblog\/wp-json\/wp\/v2\/media?parent=3949"}],"wp:term":[{"taxonomy":"category","embeddable":true,"href":"https:\/\/igualdad.us.es\/wpblog\/wp-json\/wp\/v2\/categories?post=3949"},{"taxonomy":"post_tag","embeddable":true,"href":"https:\/\/igualdad.us.es\/wpblog\/wp-json\/wp\/v2\/tags?post=3949"}],"curies":[{"name":"wp","href":"https:\/\/api.w.org\/{rel}","templated":true}]}}