{"id":3933,"date":"2020-10-01T13:13:37","date_gmt":"2020-10-01T12:13:37","guid":{"rendered":"https:\/\/igualdad.us.es\/?p=3933"},"modified":"2021-01-19T10:04:41","modified_gmt":"2021-01-19T09:04:41","slug":"taller-diferentes-pero-iguales","status":"publish","type":"post","link":"https:\/\/igualdad.us.es\/wpblog\/taller-diferentes-pero-iguales\/","title":{"rendered":"Taller Diferentes pero iguales"},"content":{"rendered":"<p><span style=\"color: #993366;\"><strong>Taller Diferentes pero iguales<br \/>\n<\/strong><\/span><span style=\"color: #999999;\">(Iniciativa-Igualdad-2020. Ref.13537)<\/span><\/p>\n<p style=\"text-align: justify;\">El taller tiene la finalidad de reflexionar sobre la igualdad entre mujeres y hombres en los distintos \u00e1mbitos: educaci\u00f3n, familia, trabajo y sociedad. Los objetivos se encuadran en:<\/p>\n<ul>\n<li>Conceptos b\u00e1sicos de la perspectiva de g\u00e9nero<\/li>\n<li>Importancia de la igualdad entre hombres y mujeres<\/li>\n<li>Detectar actuaciones de desigualdad<\/li>\n<\/ul>\n<p><strong>Programa:\u00a0<\/strong> Conceptos b\u00e1sicos en torno a la igualdad de oportunidades entre hombres y mujeres:<\/p>\n<ul>\n<li>Antecedentes<\/li>\n<li>Conceptos b\u00e1sicos<\/li>\n<li>Educar en Igualdad: Coeducaci\u00f3n y educaci\u00f3n no sexista<\/li>\n<li>Conceptos para un mercado laboral igualitario<\/li>\n<li>Participar en Igualdad<\/li>\n<li>Feminismos en la historia: Cierre con perspectiva.<\/li>\n<\/ul>\n<p><strong>Organiza:<\/strong> Asociaci\u00f3n por los Derechos de las Mujeres Mar\u00eda Laffitte.<br \/>\n<strong>Colabora:<\/strong><span class=\"texto_gris\"> Unidad para la Igualdad de la US<\/span>.<br \/>\n<strong>Realizaci\u00f3n: <\/strong>20 de octubre de 2020 de 9:00h a 14:00h o el d\u00eda 27 de octubre de 2020 de 16:00h a 21:00h. (El temario es el mismo para ambos d\u00edas). En la Sala multiusos del Pabell\u00f3n de Uruguay de la US.<br \/>\n<strong>Inscripci\u00f3n:<\/strong> Gratuita hasta completar aforo, previa inscripci\u00f3n en <a href=\"https:\/\/www.marialaffitte.org\/formulario-de-inscripcion\/\" target=\"_blank\" rel=\"noopener noreferrer\"><span style=\"color: #993366;\">aqu\u00ed<\/span><\/a><br \/>\n<strong>Dudas\/consultas:<\/strong> en el tel\u00e9fono 600 25 54 82<br \/>\n<strong>Publicidad:<\/strong> <a href=\"https:\/\/igualdad.us.es\/wpblog\/wp-content\/uploads\/2020\/10\/Subvencion-13537_Cartel.pdf\" target=\"_blank\" rel=\"noopener noreferrer\"><span style=\"color: #993366;\">Cartel<\/span><\/a>\u00a0&#8211; <a href=\"https:\/\/www.marialaffitte.org\/diferentes-pero-iguales\/\" target=\"_blank\" rel=\"noopener noreferrer\"><span style=\"color: #993366;\">https:\/\/www.marialaffitte.org\/diferentes-pero-iguales\/<\/span><\/a><br \/>\n<span style=\"color: #993366;\"><a style=\"color: #993366;\" href=\"https:\/\/igualdad.us.es\/?page_id=3843\">Ver todas las iniciativas de igualdad<\/a><\/span><\/p>\n","protected":false},"excerpt":{"rendered":"<p>20 de octubre de 9:00h a 14:00h o 27 de octubre de 16:00h a 21:00h<\/p>\n","protected":false},"author":1,"featured_media":3937,"comment_status":"closed","ping_status":"closed","sticky":false,"template":"","format":"standard","meta":{"footnotes":""},"categories":[31,29,42,26,27],"tags":[],"class_list":["post-3933","post","type-post","status-publish","format-standard","has-post-thumbnail","hentry","category-actividad","category-formacion","category-formacion-iniciativa","category-iniciativa-igualdad","category-noticia"],"gutentor_comment":0,"_links":{"self":[{"href":"https:\/\/igualdad.us.es\/wpblog\/wp-json\/wp\/v2\/posts\/3933","targetHints":{"allow":["GET"]}}],"collection":[{"href":"https:\/\/igualdad.us.es\/wpblog\/wp-json\/wp\/v2\/posts"}],"about":[{"href":"https:\/\/igualdad.us.es\/wpblog\/wp-json\/wp\/v2\/types\/post"}],"author":[{"embeddable":true,"href":"https:\/\/igualdad.us.es\/wpblog\/wp-json\/wp\/v2\/users\/1"}],"replies":[{"embeddable":true,"href":"https:\/\/igualdad.us.es\/wpblog\/wp-json\/wp\/v2\/comments?post=3933"}],"version-history":[{"count":4,"href":"https:\/\/igualdad.us.es\/wpblog\/wp-json\/wp\/v2\/posts\/3933\/revisions"}],"predecessor-version":[{"id":3940,"href":"https:\/\/igualdad.us.es\/wpblog\/wp-json\/wp\/v2\/posts\/3933\/revisions\/3940"}],"wp:featuredmedia":[{"embeddable":true,"href":"https:\/\/igualdad.us.es\/wpblog\/wp-json\/wp\/v2\/media\/3937"}],"wp:attachment":[{"href":"https:\/\/igualdad.us.es\/wpblog\/wp-json\/wp\/v2\/media?parent=3933"}],"wp:term":[{"taxonomy":"category","embeddable":true,"href":"https:\/\/igualdad.us.es\/wpblog\/wp-json\/wp\/v2\/categories?post=3933"},{"taxonomy":"post_tag","embeddable":true,"href":"https:\/\/igualdad.us.es\/wpblog\/wp-json\/wp\/v2\/tags?post=3933"}],"curies":[{"name":"wp","href":"https:\/\/api.w.org\/{rel}","templated":true}]}}