{"id":3793,"date":"2020-07-06T10:10:23","date_gmt":"2020-07-06T10:10:23","guid":{"rendered":"http:\/\/igualdad.us.es\/?p=3793"},"modified":"2020-07-07T10:13:06","modified_gmt":"2020-07-07T10:13:06","slug":"iradiando-igualdad-en-casa-2x42","status":"publish","type":"post","link":"https:\/\/igualdad.us.es\/wpblog\/iradiando-igualdad-en-casa-2x42\/","title":{"rendered":"iRadiando Igualdad en casa 2&#215;42"},"content":{"rendered":"<p style=\"text-align: justify;\"><strong><span style=\"color: #993366;\"><span class=\"episodioTit\">iRadiando <span style=\"color: #993366;\">Igualdad<\/span> en casa 2&#215;42: <span class=\"s1\">Isabel Jim\u00e9nez Lucena<\/span><\/span><\/span><\/strong><br \/>\n<span style=\"color: #999999;\">(Actividad-2020)<\/span><\/p>\n<p style=\"text-align: justify;\"><span class=\"s1\">Entrevista a<strong>\u00a0Isabel Jim\u00e9nez Lucena<\/strong>,\u00a0<strong>doctora en medicina, investigadora, delegada del Rector para la Igualdad y la Acci\u00f3n social de la Universidad de M\u00e1laga entre 2016 y 2020<\/strong>, e\u00a0<strong>integrante del Instituto de Investigaci\u00f3n de G\u00e9nero e Igualdad de la Universidad de M\u00e1laga<\/strong>. En esta entrevista, Isabel nos habla del trato diferenciado que sufren las mujeres en la medicina y las ciencias, de la recientemente publicada Gu\u00eda de Teletrabajo y Conciliaci\u00f3n Corresponsable de RUIGEU, y de c\u00f3mo el teletrabajo y el telestudio han afectado a las mujeres del \u00e1mbito universitario. Por \u00faltimo, nos cuenta tambi\u00e9n el trabajo que sacan adelante desde la Unidad para la Igualdad de la Universidad de M\u00e1laga.<br \/>\n<\/span><\/p>\n<p style=\"padding-left: 30px; text-align: justify;\"><a href=\"https:\/\/radio.us.es\/episodio\/i-radiando-igualdad-episodio-2x42-entrevista-a-isabel-jimenez-lucena\/\" target=\"_blank\" rel=\"noopener noreferrer\"><span style=\"color: #993366;\">Esc\u00fachalo aqu\u00ed<\/span> <img loading=\"lazy\" decoding=\"async\" class=\"size-full wp-image-923 alignnone\" src=\"https:\/\/igualdad.us.es\/wpblog\/wp-content\/uploads\/2018\/05\/microfono_20x20.png\" alt=\"\" width=\"20\" height=\"26\" \/><\/a> &#8211; <a href=\"https:\/\/radio.us.es\/wp-content\/uploads\/2020\/07\/Isabel_Jim%C3%A9nez_def.mp3\" target=\"_blank\" rel=\"noopener noreferrer\"><span style=\"color: #993366;\">Desc\u00e1rgalo aqu\u00ed<\/span> <img loading=\"lazy\" decoding=\"async\" class=\"size-full wp-image-925 alignnone\" src=\"https:\/\/igualdad.us.es\/wpblog\/wp-content\/uploads\/2018\/05\/descarga_20x20.png\" alt=\"\" width=\"20\" height=\"19\" \/><\/a><\/p>\n<p>Para el resto de programas pulsa <a href=\"https:\/\/igualdad.us.es\/?page_id=1861\"><span style=\"color: #993366;\">aqu\u00ed<\/span><\/a><\/p>\n","protected":false},"excerpt":{"rendered":"<p>Entrevista a\u00a0Isabel Jim\u00e9nez Lucena<\/p>\n","protected":false},"author":1,"featured_media":3312,"comment_status":"closed","ping_status":"closed","sticky":false,"template":"","format":"standard","meta":{"footnotes":""},"categories":[31,39,27],"tags":[],"class_list":["post-3793","post","type-post","status-publish","format-standard","has-post-thumbnail","hentry","category-actividad","category-actividad-propia","category-noticia"],"gutentor_comment":0,"_links":{"self":[{"href":"https:\/\/igualdad.us.es\/wpblog\/wp-json\/wp\/v2\/posts\/3793","targetHints":{"allow":["GET"]}}],"collection":[{"href":"https:\/\/igualdad.us.es\/wpblog\/wp-json\/wp\/v2\/posts"}],"about":[{"href":"https:\/\/igualdad.us.es\/wpblog\/wp-json\/wp\/v2\/types\/post"}],"author":[{"embeddable":true,"href":"https:\/\/igualdad.us.es\/wpblog\/wp-json\/wp\/v2\/users\/1"}],"replies":[{"embeddable":true,"href":"https:\/\/igualdad.us.es\/wpblog\/wp-json\/wp\/v2\/comments?post=3793"}],"version-history":[{"count":3,"href":"https:\/\/igualdad.us.es\/wpblog\/wp-json\/wp\/v2\/posts\/3793\/revisions"}],"predecessor-version":[{"id":3796,"href":"https:\/\/igualdad.us.es\/wpblog\/wp-json\/wp\/v2\/posts\/3793\/revisions\/3796"}],"wp:featuredmedia":[{"embeddable":true,"href":"https:\/\/igualdad.us.es\/wpblog\/wp-json\/wp\/v2\/media\/3312"}],"wp:attachment":[{"href":"https:\/\/igualdad.us.es\/wpblog\/wp-json\/wp\/v2\/media?parent=3793"}],"wp:term":[{"taxonomy":"category","embeddable":true,"href":"https:\/\/igualdad.us.es\/wpblog\/wp-json\/wp\/v2\/categories?post=3793"},{"taxonomy":"post_tag","embeddable":true,"href":"https:\/\/igualdad.us.es\/wpblog\/wp-json\/wp\/v2\/tags?post=3793"}],"curies":[{"name":"wp","href":"https:\/\/api.w.org\/{rel}","templated":true}]}}