{"id":3560,"date":"2020-05-25T07:02:20","date_gmt":"2020-05-25T07:02:20","guid":{"rendered":"http:\/\/igualdad.us.es\/?p=3560"},"modified":"2020-05-27T07:06:30","modified_gmt":"2020-05-27T07:06:30","slug":"iradiando-igualdad-en-casa-2x28","status":"publish","type":"post","link":"https:\/\/igualdad.us.es\/wpblog\/iradiando-igualdad-en-casa-2x28\/","title":{"rendered":"iRadiando Igualdad en casa 2&#215;28"},"content":{"rendered":"<p style=\"text-align: justify;\"><strong><span style=\"color: #993366;\"><span class=\"episodioTit\">iRadiando <span style=\"color: #993366;\">Igualdad<\/span> en casa 2&#215;28: M<span class=\"s1\">ar\u00eda del Mar Gonz\u00e1lez Rodr\u00edguez<\/span><\/span><\/span><\/strong><br \/>\n<span style=\"color: #999999;\">(Actividad-2020)<\/span><\/p>\n<p style=\"text-align: justify;\"><span class=\"s1\">Entrevista a <strong>Mar\u00eda del Mar Gonz\u00e1lez Rodr\u00edguez<\/strong>, p<strong>rofesora titular de la Universidad de Sevilla en el \u00c1rea de Psicolog\u00eda Evolutiva y de la Educaci\u00f3n<\/strong>, e<strong>xcomisionada de Pol\u00edgono Sur<\/strong>. En esta entrevista conocemos c\u00f3mo se est\u00e1 afrontando la crisis del COVID-19 en el Pol\u00edgono Sur y qu\u00e9 dificultades y estrategias est\u00e1 desplegando su poblaci\u00f3n, especialmente sus mujeres. Exploramos tambi\u00e9n el trabajo que desde el Plan de Desarrollo Integral se ha desarrollado en el barrio en relaci\u00f3n con la Igualdad y la violencia de g\u00e9nero. Nos acercaremos, adem\u00e1s, a la evoluci\u00f3n del modelo de familia en Espa\u00f1a en los \u00faltimos a\u00f1os y a los retos que enfrentan las familias no convencionales. Por \u00faltimo, exploramos la opini\u00f3n de M\u00aa Mar sobre los retos que esta crisis puede plantear a la igualdad.<\/span><\/p>\n<p style=\"padding-left: 30px; text-align: justify;\"><a href=\"https:\/\/radio.us.es\/episodio\/i-radiando-igualdad-episodio-2x28-entrevista-a-maria-del-mar-gonzalez-rodriguez\/\" target=\"_blank\" rel=\"noopener noreferrer\"><span style=\"color: #993366;\">Esc\u00fachalo aqu\u00ed<\/span> <img loading=\"lazy\" decoding=\"async\" class=\"size-full wp-image-923 alignnone\" src=\"https:\/\/igualdad.us.es\/wpblog\/wp-content\/uploads\/2018\/05\/microfono_20x20.png\" alt=\"\" width=\"20\" height=\"26\" \/><\/a> &#8211; <a href=\"https:\/\/radio.us.es\/wp-content\/uploads\/2020\/05\/M%C2%AAMar-Gonz%C3%A1lez.mp3\" target=\"_blank\" rel=\"noopener noreferrer\"><span style=\"color: #993366;\">Desc\u00e1rgalo aqu\u00ed<\/span> <img loading=\"lazy\" decoding=\"async\" class=\"size-full wp-image-925 alignnone\" src=\"https:\/\/igualdad.us.es\/wpblog\/wp-content\/uploads\/2018\/05\/descarga_20x20.png\" alt=\"\" width=\"20\" height=\"19\" \/><\/a><\/p>\n<p>Para el resto de programas pulsa <a href=\"https:\/\/igualdad.us.es\/?page_id=1861\"><span style=\"color: #993366;\">aqu\u00ed<\/span><\/a><\/p>\n","protected":false},"excerpt":{"rendered":"<p>Entrevista a Mar\u00eda del Mar Gonz\u00e1lez Rodr\u00edguez<\/p>\n","protected":false},"author":1,"featured_media":3312,"comment_status":"closed","ping_status":"closed","sticky":false,"template":"","format":"standard","meta":{"footnotes":""},"categories":[31,39,27],"tags":[],"class_list":["post-3560","post","type-post","status-publish","format-standard","has-post-thumbnail","hentry","category-actividad","category-actividad-propia","category-noticia"],"gutentor_comment":0,"_links":{"self":[{"href":"https:\/\/igualdad.us.es\/wpblog\/wp-json\/wp\/v2\/posts\/3560","targetHints":{"allow":["GET"]}}],"collection":[{"href":"https:\/\/igualdad.us.es\/wpblog\/wp-json\/wp\/v2\/posts"}],"about":[{"href":"https:\/\/igualdad.us.es\/wpblog\/wp-json\/wp\/v2\/types\/post"}],"author":[{"embeddable":true,"href":"https:\/\/igualdad.us.es\/wpblog\/wp-json\/wp\/v2\/users\/1"}],"replies":[{"embeddable":true,"href":"https:\/\/igualdad.us.es\/wpblog\/wp-json\/wp\/v2\/comments?post=3560"}],"version-history":[{"count":2,"href":"https:\/\/igualdad.us.es\/wpblog\/wp-json\/wp\/v2\/posts\/3560\/revisions"}],"predecessor-version":[{"id":3563,"href":"https:\/\/igualdad.us.es\/wpblog\/wp-json\/wp\/v2\/posts\/3560\/revisions\/3563"}],"wp:featuredmedia":[{"embeddable":true,"href":"https:\/\/igualdad.us.es\/wpblog\/wp-json\/wp\/v2\/media\/3312"}],"wp:attachment":[{"href":"https:\/\/igualdad.us.es\/wpblog\/wp-json\/wp\/v2\/media?parent=3560"}],"wp:term":[{"taxonomy":"category","embeddable":true,"href":"https:\/\/igualdad.us.es\/wpblog\/wp-json\/wp\/v2\/categories?post=3560"},{"taxonomy":"post_tag","embeddable":true,"href":"https:\/\/igualdad.us.es\/wpblog\/wp-json\/wp\/v2\/tags?post=3560"}],"curies":[{"name":"wp","href":"https:\/\/api.w.org\/{rel}","templated":true}]}}