{"id":3556,"date":"2020-05-22T06:56:21","date_gmt":"2020-05-22T06:56:21","guid":{"rendered":"http:\/\/igualdad.us.es\/?p=3556"},"modified":"2020-05-27T07:02:39","modified_gmt":"2020-05-27T07:02:39","slug":"iradiando-igualdad-en-casa-2x27","status":"publish","type":"post","link":"https:\/\/igualdad.us.es\/wpblog\/iradiando-igualdad-en-casa-2x27\/","title":{"rendered":"iRadiando Igualdad en casa 2&#215;27"},"content":{"rendered":"<p style=\"text-align: justify;\"><strong><span style=\"color: #993366;\"><span class=\"episodioTit\">iRadiando <span style=\"color: #993366;\">Igualdad<\/span> en casa 2&#215;27: Mar\u00eda del Mar Garc\u00eda Calvente<\/span><\/span><\/strong><br \/>\n<span style=\"color: #999999;\">(Actividad-2020)<\/span><\/p>\n<p style=\"text-align: justify;\"><span class=\"s1\">Entrevista a <strong>Mar\u00eda del Mar Garc\u00eda Calvente<\/strong>, <strong>coordinadora del diploma de Especializaci\u00f3n de G\u00e9nero y Saluden la Escuela Andaluza de Salud P\u00fablica <\/strong>e <strong>investigadora en el \u00e1mbito de las desigualdades de g\u00e9nero y la salud<\/strong>. En esta entrevista, analizamos las causas de la mayor exposici\u00f3n de las mujeres al COVID-19.Tambi\u00e9n, conocemos la incidencia de los estereotipos, los roles y las normas de g\u00e9nero en la salud de mujeres y hombres. Exploramos si los estamentos sanitarios est\u00e1n gestionando todo lo relacionado con la salud teniendo en cuenta el impacto diferencial de g\u00e9nero,abordamos qu\u00e9 habr\u00eda que cambiar para que el sistema sanitario sea m\u00e1s sensible a las desigualdades. Adem\u00e1s, tratamos del sistema de cuidados y los retos en este \u00e1mbito para reducir las desigualdades de g\u00e9nero.<\/span><\/p>\n<p style=\"padding-left: 30px; text-align: justify;\"><a href=\"https:\/\/radio.us.es\/episodio\/i-radiando-igualdad-episodio-2x27-entrevista-a-maria-del-mar-garcia-calvente\/\" target=\"_blank\" rel=\"noopener noreferrer\"><span style=\"color: #993366;\">Esc\u00fachalo aqu\u00ed<\/span> <img loading=\"lazy\" decoding=\"async\" class=\"size-full wp-image-923 alignnone\" src=\"https:\/\/igualdad.us.es\/wpblog\/wp-content\/uploads\/2018\/05\/microfono_20x20.png\" alt=\"\" width=\"20\" height=\"26\" \/><\/a> &#8211; <a href=\"https:\/\/radio.us.es\/wp-content\/uploads\/2020\/05\/Mar_Garc%C3%ADa_Calvente.mp3\" target=\"_blank\" rel=\"noopener noreferrer\"><span style=\"color: #993366;\">Desc\u00e1rgalo aqu\u00ed<\/span> <img loading=\"lazy\" decoding=\"async\" class=\"size-full wp-image-925 alignnone\" src=\"https:\/\/igualdad.us.es\/wpblog\/wp-content\/uploads\/2018\/05\/descarga_20x20.png\" alt=\"\" width=\"20\" height=\"19\" \/><\/a><\/p>\n<p>Para el resto de programas pulsa <a href=\"https:\/\/igualdad.us.es\/?page_id=1861\"><span style=\"color: #993366;\">aqu\u00ed<\/span><\/a><\/p>\n","protected":false},"excerpt":{"rendered":"<p>Entrevista a Mar\u00eda del Mar Garc\u00eda Calvente<\/p>\n","protected":false},"author":1,"featured_media":3312,"comment_status":"closed","ping_status":"closed","sticky":false,"template":"","format":"standard","meta":{"footnotes":""},"categories":[31,39,27],"tags":[],"class_list":["post-3556","post","type-post","status-publish","format-standard","has-post-thumbnail","hentry","category-actividad","category-actividad-propia","category-noticia"],"gutentor_comment":0,"_links":{"self":[{"href":"https:\/\/igualdad.us.es\/wpblog\/wp-json\/wp\/v2\/posts\/3556","targetHints":{"allow":["GET"]}}],"collection":[{"href":"https:\/\/igualdad.us.es\/wpblog\/wp-json\/wp\/v2\/posts"}],"about":[{"href":"https:\/\/igualdad.us.es\/wpblog\/wp-json\/wp\/v2\/types\/post"}],"author":[{"embeddable":true,"href":"https:\/\/igualdad.us.es\/wpblog\/wp-json\/wp\/v2\/users\/1"}],"replies":[{"embeddable":true,"href":"https:\/\/igualdad.us.es\/wpblog\/wp-json\/wp\/v2\/comments?post=3556"}],"version-history":[{"count":1,"href":"https:\/\/igualdad.us.es\/wpblog\/wp-json\/wp\/v2\/posts\/3556\/revisions"}],"predecessor-version":[{"id":3558,"href":"https:\/\/igualdad.us.es\/wpblog\/wp-json\/wp\/v2\/posts\/3556\/revisions\/3558"}],"wp:featuredmedia":[{"embeddable":true,"href":"https:\/\/igualdad.us.es\/wpblog\/wp-json\/wp\/v2\/media\/3312"}],"wp:attachment":[{"href":"https:\/\/igualdad.us.es\/wpblog\/wp-json\/wp\/v2\/media?parent=3556"}],"wp:term":[{"taxonomy":"category","embeddable":true,"href":"https:\/\/igualdad.us.es\/wpblog\/wp-json\/wp\/v2\/categories?post=3556"},{"taxonomy":"post_tag","embeddable":true,"href":"https:\/\/igualdad.us.es\/wpblog\/wp-json\/wp\/v2\/tags?post=3556"}],"curies":[{"name":"wp","href":"https:\/\/api.w.org\/{rel}","templated":true}]}}