{"id":3513,"date":"2020-05-18T07:09:56","date_gmt":"2020-05-18T07:09:56","guid":{"rendered":"http:\/\/igualdad.us.es\/?p=3513"},"modified":"2020-05-18T07:09:57","modified_gmt":"2020-05-18T07:09:57","slug":"iradiando-igualdad-en-casa-2x25","status":"publish","type":"post","link":"https:\/\/igualdad.us.es\/wpblog\/iradiando-igualdad-en-casa-2x25\/","title":{"rendered":"iRadiando Igualdad en casa 2&#215;25"},"content":{"rendered":"\n<p style=\"color:#999999\" class=\"has-text-color\"><strong><span style=\"color:#993366\" class=\"has-inline-color\">iRadiando Igualdad en casa 2&#215;25:&nbsp; <strong>Luisa Romero Moreno<\/strong><\/span><\/strong><br>(Actividad-2020)<\/p>\n\n\n\n<p style=\"text-align: justify;\">Entrevista a <strong>Luisa Romero Moreno<\/strong>, <strong>docente de inform\u00e1tica y sindicalista<\/strong> que nos habla sobre la necesidad de animar a las mujeres a estudiar todo tiempo de ciencias y a visilibilzarlas para poder poner fin a la divisi\u00f3n sexual a\u00fan prevalente en tantos campos de estudio. Luisa tambi\u00e9n hace hincapi\u00e9 en las dificultades que atraviesan tanto alumnado como profesorado debido a la situaci\u00f3n del Estado de Alarma y a la problem\u00e1tica que la clase trabajadora, y en especial las mujeres trabajadoras, vivir\u00e1n con la crisis que atravesaremos a causa de la pandemia.<\/p>\n<p style=\"padding-left: 30px; text-align: justify;\"><a href=\"https:\/\/radio.us.es\/episodio\/i-radiando-igualdad-episodio-2x25-entrevista-a-luisa-romero-moreno\/\" target=\"_blank\" rel=\"noopener noreferrer\"><span style=\"color: #993366;\">Esc\u00fachalo aqu\u00ed<\/span> <img loading=\"lazy\" decoding=\"async\" class=\"size-full wp-image-923 alignnone\" src=\"https:\/\/igualdad.us.es\/wpblog\/wp-content\/uploads\/2018\/05\/microfono_20x20.png\" alt=\"\" width=\"20\" height=\"26\" \/><\/a> &#8211; <a href=\"https:\/\/radio.us.es\/wp-content\/uploads\/2020\/05\/iRadiandoIguladadencasa_E22_LuisaRomeroMoreno_Guion-online-audio-converter.com_.mp3\" target=\"_blank\" rel=\"noopener noreferrer\"><span style=\"color: #993366;\">Desc\u00e1rgalo aqu\u00ed<\/span> <img loading=\"lazy\" decoding=\"async\" class=\"size-full wp-image-925 alignnone\" src=\"https:\/\/igualdad.us.es\/wpblog\/wp-content\/uploads\/2018\/05\/descarga_20x20.png\" alt=\"\" width=\"20\" height=\"19\" \/><\/a><\/p>\n<p>Para el resto de programas pulsa <a href=\"https:\/\/igualdad.us.es\/?page_id=1861\"><span style=\"color: #993366;\">aqu\u00ed<\/span><\/a><\/p>\n","protected":false},"excerpt":{"rendered":"<p>Entrevista a Luisa Romero Moreno<\/p>\n","protected":false},"author":1,"featured_media":3312,"comment_status":"closed","ping_status":"closed","sticky":false,"template":"","format":"standard","meta":{"footnotes":""},"categories":[31,39,27],"tags":[],"class_list":["post-3513","post","type-post","status-publish","format-standard","has-post-thumbnail","hentry","category-actividad","category-actividad-propia","category-noticia"],"gutentor_comment":0,"_links":{"self":[{"href":"https:\/\/igualdad.us.es\/wpblog\/wp-json\/wp\/v2\/posts\/3513","targetHints":{"allow":["GET"]}}],"collection":[{"href":"https:\/\/igualdad.us.es\/wpblog\/wp-json\/wp\/v2\/posts"}],"about":[{"href":"https:\/\/igualdad.us.es\/wpblog\/wp-json\/wp\/v2\/types\/post"}],"author":[{"embeddable":true,"href":"https:\/\/igualdad.us.es\/wpblog\/wp-json\/wp\/v2\/users\/1"}],"replies":[{"embeddable":true,"href":"https:\/\/igualdad.us.es\/wpblog\/wp-json\/wp\/v2\/comments?post=3513"}],"version-history":[{"count":2,"href":"https:\/\/igualdad.us.es\/wpblog\/wp-json\/wp\/v2\/posts\/3513\/revisions"}],"predecessor-version":[{"id":3532,"href":"https:\/\/igualdad.us.es\/wpblog\/wp-json\/wp\/v2\/posts\/3513\/revisions\/3532"}],"wp:featuredmedia":[{"embeddable":true,"href":"https:\/\/igualdad.us.es\/wpblog\/wp-json\/wp\/v2\/media\/3312"}],"wp:attachment":[{"href":"https:\/\/igualdad.us.es\/wpblog\/wp-json\/wp\/v2\/media?parent=3513"}],"wp:term":[{"taxonomy":"category","embeddable":true,"href":"https:\/\/igualdad.us.es\/wpblog\/wp-json\/wp\/v2\/categories?post=3513"},{"taxonomy":"post_tag","embeddable":true,"href":"https:\/\/igualdad.us.es\/wpblog\/wp-json\/wp\/v2\/tags?post=3513"}],"curies":[{"name":"wp","href":"https:\/\/api.w.org\/{rel}","templated":true}]}}