{"id":3509,"date":"2020-05-15T10:13:13","date_gmt":"2020-05-15T10:13:13","guid":{"rendered":"http:\/\/igualdad.us.es\/?p=3509"},"modified":"2020-05-18T06:54:49","modified_gmt":"2020-05-18T06:54:49","slug":"iradiando-igualdad-en-casa-2x23-2","status":"publish","type":"post","link":"https:\/\/igualdad.us.es\/wpblog\/iradiando-igualdad-en-casa-2x23-2\/","title":{"rendered":"iRadiando Igualdad en casa 2&#215;24"},"content":{"rendered":"<p style=\"text-align: justify;\"><strong><span style=\"color: #993366;\"><span class=\"episodioTit\">iRadiando <span style=\"color: #993366;\">Igualdad<\/span> en casa 2&#215;24:&nbsp;<span class=\"s1\"> Mar\u00eda Caballero Wang\u00fcemert <\/span><\/span><\/span><\/strong><br \/>\n<span style=\"color: #999999;\">(Actividad-2020)<\/span><\/p>\n<p style=\"text-align: justify;\"><span class=\"s1\">Entrevista a <strong>Mar\u00eda Caballero Wang\u00fcemert<\/strong> es <strong>Catedr\u00e1tica de la Facultad de Filolog\u00eda de la Universidad de Sevilla<\/strong>. Su actividad docente la compagina con la investigaci\u00f3n centrada en la literatura latinoamericana, as\u00ed como en la literatura escrita por mujeres y las Memorias, el cine y la teor\u00eda literaria. En esta entrevista, hablamos con Mar\u00eda sobre mujeres y literatura, charlamos sobre una idea de Madame de St\u00e4el, de su obra Corinne o Italia: \u201cla mujer superior, la mujer que apuesta por una aventura intelectual est\u00e1 condenada al fracaso amoroso y a la incomprensi\u00f3n social\u201d. Conversamos sobre asuntos muy de actualidad como la deconstrucci\u00f3n, la maternidad, las relaciones madres-hijas\u2026 El cine tambi\u00e9n ocupa gran parte de la entrevista, el importante paso dado por las mujeres: antes eran las protagonistas de las historias amorosas en las comedias de Hollywood y ahora comandan la aventura del s\u00e9ptimo arte, son directoras, guionistas, productoras\u2026Cerramos esta entrevista charlando sobre una frase de Camus, de su libro La Peste: \u201cEsto es lo que se aprende en medio de las plagas, en los hombres hay m\u00e1s cosas dignas de admiraci\u00f3n que de desprecio\u201d.<\/span><\/p>\n<p style=\"padding-left: 30px; text-align: justify;\"><a href=\"https:\/\/radio.us.es\/episodio\/i-radiando-igualdad-episodio-2x24-entrevista-a-maria-caballero-wanguemert\/\" target=\"_blank\" rel=\"noopener noreferrer\"><span style=\"color: #993366;\">Esc\u00fachalo aqu\u00ed<\/span> <img loading=\"lazy\" decoding=\"async\" class=\"size-full wp-image-923 alignnone\" src=\"https:\/\/igualdad.us.es\/wpblog\/wp-content\/uploads\/2018\/05\/microfono_20x20.png\" alt=\"\" width=\"20\" height=\"26\"><\/a> &#8211; <a href=\"https:\/\/radio.us.es\/wp-content\/uploads\/2020\/05\/Mar%C3%ADa.mp3\" target=\"_blank\" rel=\"noopener noreferrer\"><span style=\"color: #993366;\">Desc\u00e1rgalo aqu\u00ed<\/span> <img loading=\"lazy\" decoding=\"async\" class=\"size-full wp-image-925 alignnone\" src=\"https:\/\/igualdad.us.es\/wpblog\/wp-content\/uploads\/2018\/05\/descarga_20x20.png\" alt=\"\" width=\"20\" height=\"19\"><\/a><\/p>\n<p>Para el resto de programas pulsa <a href=\"https:\/\/igualdad.us.es\/?page_id=1861\"><span style=\"color: #993366;\">aqu\u00ed<\/span><\/a><\/p>\n","protected":false},"excerpt":{"rendered":"<p>Entrevista a Mar\u00eda Caballero Wang\u00fcemert<\/p>\n","protected":false},"author":1,"featured_media":3312,"comment_status":"closed","ping_status":"closed","sticky":false,"template":"","format":"standard","meta":{"footnotes":""},"categories":[31,39,27],"tags":[],"class_list":["post-3509","post","type-post","status-publish","format-standard","has-post-thumbnail","hentry","category-actividad","category-actividad-propia","category-noticia"],"gutentor_comment":0,"_links":{"self":[{"href":"https:\/\/igualdad.us.es\/wpblog\/wp-json\/wp\/v2\/posts\/3509","targetHints":{"allow":["GET"]}}],"collection":[{"href":"https:\/\/igualdad.us.es\/wpblog\/wp-json\/wp\/v2\/posts"}],"about":[{"href":"https:\/\/igualdad.us.es\/wpblog\/wp-json\/wp\/v2\/types\/post"}],"author":[{"embeddable":true,"href":"https:\/\/igualdad.us.es\/wpblog\/wp-json\/wp\/v2\/users\/1"}],"replies":[{"embeddable":true,"href":"https:\/\/igualdad.us.es\/wpblog\/wp-json\/wp\/v2\/comments?post=3509"}],"version-history":[{"count":2,"href":"https:\/\/igualdad.us.es\/wpblog\/wp-json\/wp\/v2\/posts\/3509\/revisions"}],"predecessor-version":[{"id":3515,"href":"https:\/\/igualdad.us.es\/wpblog\/wp-json\/wp\/v2\/posts\/3509\/revisions\/3515"}],"wp:featuredmedia":[{"embeddable":true,"href":"https:\/\/igualdad.us.es\/wpblog\/wp-json\/wp\/v2\/media\/3312"}],"wp:attachment":[{"href":"https:\/\/igualdad.us.es\/wpblog\/wp-json\/wp\/v2\/media?parent=3509"}],"wp:term":[{"taxonomy":"category","embeddable":true,"href":"https:\/\/igualdad.us.es\/wpblog\/wp-json\/wp\/v2\/categories?post=3509"},{"taxonomy":"post_tag","embeddable":true,"href":"https:\/\/igualdad.us.es\/wpblog\/wp-json\/wp\/v2\/tags?post=3509"}],"curies":[{"name":"wp","href":"https:\/\/api.w.org\/{rel}","templated":true}]}}