{"id":3498,"date":"2020-05-14T12:26:56","date_gmt":"2020-05-14T12:26:56","guid":{"rendered":"http:\/\/igualdad.us.es\/?p=3498"},"modified":"2020-05-27T07:02:50","modified_gmt":"2020-05-27T07:02:50","slug":"iradiando-igualdad-en-casa-2x23","status":"publish","type":"post","link":"https:\/\/igualdad.us.es\/wpblog\/iradiando-igualdad-en-casa-2x23\/","title":{"rendered":"iRadiando Igualdad en casa 2&#215;23"},"content":{"rendered":"<p style=\"text-align: justify;\"><strong><span style=\"color: #993366;\"><span class=\"episodioTit\">iRadiando <span style=\"color: #993366;\">Igualdad<\/span> en casa 2&#215;23: <span class=\"s1\">Gael B\u00e1rcenas Moreno<\/span><\/span><\/span><\/strong><br \/>\n<span style=\"color: #999999;\">(Actividad-2020)<\/span><\/p>\n<p style=\"text-align: justify;\"><span class=\"s1\">Entrevista a <strong>Gael B\u00e1rcenas Moreno, profesor en la Escuela T\u00e9cnica Superior de Ingenier\u00eda Agron\u00f3mica de la Universidad de Sevilla. Asociaci\u00f3n de Transexuales de Andaluc\u00eda, ATA, \u00e1rea Universidad. <\/strong>En esta entrevista, a trav\u00e9s de la experiencia personal de Gael, nos acercamos a la realidad del colectivo trans en la universidad. Tambi\u00e9n, conocemos las dificultades del colectivo LGTBI, y m\u00e1s espec\u00edficamente del colectivo trans, durante el estado de alarma por COVID-19, y abordamos la iniciativa del Ministerio de Igualdad \u201cAbriendo puertas\u201d, con informaci\u00f3n sobre c\u00f3mo actuar durante el estado de alarma en la soluci\u00f3n de diversas cuestiones relacionadas con el colectivo LGTBI. Adem\u00e1s, tratamos, las propuestas de ATA para avanzar en una inclusi\u00f3n real de las personas trans. Por \u00faltimo, exploramos los restos y oportunidades de la crisis del coronavirus para la igualdad, la inclusi\u00f3n y la diversidad.<\/span><\/p>\n<p style=\"padding-left: 30px; text-align: justify;\"><a href=\"https:\/\/radio.us.es\/episodio\/i-radiando-igualdad-episodio-2x23-entrevista-a-gael-barcenas-moreno-profesor-en-la-escuela-tecnica-superior-de-ingenieria-agronomica-de-la-universidad-de-sevilla-asociacion-de-transexuales-de-anda\/\" target=\"_blank\" rel=\"noopener noreferrer\"><span style=\"color: #993366;\">Esc\u00fachalo aqu\u00ed<\/span> <img loading=\"lazy\" decoding=\"async\" class=\"size-full wp-image-923 alignnone\" src=\"https:\/\/igualdad.us.es\/wpblog\/wp-content\/uploads\/2018\/05\/microfono_20x20.png\" alt=\"\" width=\"20\" height=\"26\" \/><\/a> &#8211; <a href=\"https:\/\/radio.us.es\/wp-content\/uploads\/2020\/05\/Gael.mp3\" target=\"_blank\" rel=\"noopener noreferrer\"><span style=\"color: #993366;\">Desc\u00e1rgalo aqu\u00ed<\/span> <img loading=\"lazy\" decoding=\"async\" class=\"size-full wp-image-925 alignnone\" src=\"https:\/\/igualdad.us.es\/wpblog\/wp-content\/uploads\/2018\/05\/descarga_20x20.png\" alt=\"\" width=\"20\" height=\"19\" \/><\/a><\/p>\n<p>Para el resto de programas pulsa <a href=\"https:\/\/igualdad.us.es\/?page_id=1861\"><span style=\"color: #993366;\">aqu\u00ed<\/span><\/a><\/p>\n","protected":false},"excerpt":{"rendered":"<p>Entrevista a Gael B\u00e1rcenas Moreno<\/p>\n","protected":false},"author":1,"featured_media":3312,"comment_status":"closed","ping_status":"closed","sticky":false,"template":"","format":"standard","meta":{"footnotes":""},"categories":[31,39,27],"tags":[],"class_list":["post-3498","post","type-post","status-publish","format-standard","has-post-thumbnail","hentry","category-actividad","category-actividad-propia","category-noticia"],"gutentor_comment":0,"_links":{"self":[{"href":"https:\/\/igualdad.us.es\/wpblog\/wp-json\/wp\/v2\/posts\/3498","targetHints":{"allow":["GET"]}}],"collection":[{"href":"https:\/\/igualdad.us.es\/wpblog\/wp-json\/wp\/v2\/posts"}],"about":[{"href":"https:\/\/igualdad.us.es\/wpblog\/wp-json\/wp\/v2\/types\/post"}],"author":[{"embeddable":true,"href":"https:\/\/igualdad.us.es\/wpblog\/wp-json\/wp\/v2\/users\/1"}],"replies":[{"embeddable":true,"href":"https:\/\/igualdad.us.es\/wpblog\/wp-json\/wp\/v2\/comments?post=3498"}],"version-history":[{"count":3,"href":"https:\/\/igualdad.us.es\/wpblog\/wp-json\/wp\/v2\/posts\/3498\/revisions"}],"predecessor-version":[{"id":3561,"href":"https:\/\/igualdad.us.es\/wpblog\/wp-json\/wp\/v2\/posts\/3498\/revisions\/3561"}],"wp:featuredmedia":[{"embeddable":true,"href":"https:\/\/igualdad.us.es\/wpblog\/wp-json\/wp\/v2\/media\/3312"}],"wp:attachment":[{"href":"https:\/\/igualdad.us.es\/wpblog\/wp-json\/wp\/v2\/media?parent=3498"}],"wp:term":[{"taxonomy":"category","embeddable":true,"href":"https:\/\/igualdad.us.es\/wpblog\/wp-json\/wp\/v2\/categories?post=3498"},{"taxonomy":"post_tag","embeddable":true,"href":"https:\/\/igualdad.us.es\/wpblog\/wp-json\/wp\/v2\/tags?post=3498"}],"curies":[{"name":"wp","href":"https:\/\/api.w.org\/{rel}","templated":true}]}}