{"id":3475,"date":"2020-05-11T12:06:59","date_gmt":"2020-05-11T12:06:59","guid":{"rendered":"http:\/\/igualdad.us.es\/?p=3475"},"modified":"2020-05-11T12:06:59","modified_gmt":"2020-05-11T12:06:59","slug":"iradiando-igualdad-en-casa-2x20","status":"publish","type":"post","link":"https:\/\/igualdad.us.es\/wpblog\/iradiando-igualdad-en-casa-2x20\/","title":{"rendered":"iRadiando Igualdad en casa 2&#215;20"},"content":{"rendered":"<p style=\"text-align: justify;\"><strong><span style=\"color: #993366;\"><span class=\"episodioTit\">iRadiando <span style=\"color: #993366;\">Igualdad<\/span> en casa 2&#215;20: <span class=\"s1\">\u00a0Maite Brea Ruiz<\/span><\/span><\/span><\/strong><br \/>\n<span style=\"color: #999999;\">(Actividad-2020)<\/span><\/p>\n<p><span class=\"s1\">Entrevista <\/span><span class=\"s1\">a\u00a0<strong>Maite Brea Ruiz<\/strong> es <strong>enfermera gestora de casos en el Centro de Salud Marqu\u00e9s de Paradas de Sevilla<\/strong> y durante la crisis del COVID19, se ha encargado, junto a un equipo multidisciplinar, de la gesti\u00f3n de cinco residencias de mayores del centro de Sevilla. En esta entrevista, nos acercamos a su labor como enfermera y a la complicada gesti\u00f3n emocional de la pandemia tanto por parte de cuidadoras y cuidadores, como de familiares y profesionales de la sanidad. En relaci\u00f3n con ello, exploramos el sentimiento de culpa experimentado por familiares de personas en residencias y analizamos si el abordaje emocional ha sido diferente seg\u00fan el g\u00e9nero. A partir de su experiencia personal, nos acercamos a las emociones que han podido experimentar las enfermeras durante la crisis, y su posible paralelismo con las emociones y sentimientos que acompa\u00f1aron al grupo profesional encargado de atender casos de \u00e9bola en Andaluc\u00eda, y que Maite investig\u00f3 en un estudio junto con Rosa Casado. Adem\u00e1s, conocemos las funciones de las enfermeras de caso como agentes sanitarios fundamentales para un abordaje integral de la salud. Por \u00faltimo, analizamos las oportunidades de la crisis del COVID19 para el reconocimiento de las labores de cuidados.<\/span><\/p>\n<p style=\"padding-left: 30px; text-align: justify;\"><a href=\"https:\/\/radio.us.es\/episodio\/i-radiando-igualdad-episodio-2x20-entrevista-a-maite-brea-ruiz\/\" target=\"_blank\" rel=\"noopener\"><span style=\"color: #993366;\">Esc\u00fachalo aqu\u00ed<\/span> <img loading=\"lazy\" decoding=\"async\" class=\"size-full wp-image-923 alignnone\" src=\"https:\/\/igualdad.us.es\/wpblog\/wp-content\/uploads\/2018\/05\/microfono_20x20.png\" alt=\"\" width=\"20\" height=\"26\" \/><\/a> &#8211; <a href=\"https:\/\/radio.us.es\/wp-content\/uploads\/2020\/05\/Mait.mp3\" target=\"_blank\" rel=\"noopener\"><span style=\"color: #993366;\">Desc\u00e1rgalo aqu\u00ed<\/span> <img loading=\"lazy\" decoding=\"async\" class=\"size-full wp-image-925 alignnone\" src=\"https:\/\/igualdad.us.es\/wpblog\/wp-content\/uploads\/2018\/05\/descarga_20x20.png\" alt=\"\" width=\"20\" height=\"19\" \/><\/a><\/p>\n<p>Para el resto de programas pulsa <a href=\"https:\/\/igualdad.us.es\/?page_id=1861\"><span style=\"color: #993366;\">aqu\u00ed<\/span><\/a><\/p>\n","protected":false},"excerpt":{"rendered":"<p>Entrevista a Maite Brea Ruiz<\/p>\n","protected":false},"author":1,"featured_media":3312,"comment_status":"closed","ping_status":"closed","sticky":false,"template":"","format":"standard","meta":{"footnotes":""},"categories":[31,39,27],"tags":[],"class_list":["post-3475","post","type-post","status-publish","format-standard","has-post-thumbnail","hentry","category-actividad","category-actividad-propia","category-noticia"],"gutentor_comment":0,"_links":{"self":[{"href":"https:\/\/igualdad.us.es\/wpblog\/wp-json\/wp\/v2\/posts\/3475","targetHints":{"allow":["GET"]}}],"collection":[{"href":"https:\/\/igualdad.us.es\/wpblog\/wp-json\/wp\/v2\/posts"}],"about":[{"href":"https:\/\/igualdad.us.es\/wpblog\/wp-json\/wp\/v2\/types\/post"}],"author":[{"embeddable":true,"href":"https:\/\/igualdad.us.es\/wpblog\/wp-json\/wp\/v2\/users\/1"}],"replies":[{"embeddable":true,"href":"https:\/\/igualdad.us.es\/wpblog\/wp-json\/wp\/v2\/comments?post=3475"}],"version-history":[{"count":1,"href":"https:\/\/igualdad.us.es\/wpblog\/wp-json\/wp\/v2\/posts\/3475\/revisions"}],"predecessor-version":[{"id":3476,"href":"https:\/\/igualdad.us.es\/wpblog\/wp-json\/wp\/v2\/posts\/3475\/revisions\/3476"}],"wp:featuredmedia":[{"embeddable":true,"href":"https:\/\/igualdad.us.es\/wpblog\/wp-json\/wp\/v2\/media\/3312"}],"wp:attachment":[{"href":"https:\/\/igualdad.us.es\/wpblog\/wp-json\/wp\/v2\/media?parent=3475"}],"wp:term":[{"taxonomy":"category","embeddable":true,"href":"https:\/\/igualdad.us.es\/wpblog\/wp-json\/wp\/v2\/categories?post=3475"},{"taxonomy":"post_tag","embeddable":true,"href":"https:\/\/igualdad.us.es\/wpblog\/wp-json\/wp\/v2\/tags?post=3475"}],"curies":[{"name":"wp","href":"https:\/\/api.w.org\/{rel}","templated":true}]}}