{"id":3464,"date":"2020-05-08T12:48:32","date_gmt":"2020-05-08T12:48:32","guid":{"rendered":"http:\/\/igualdad.us.es\/?p=3464"},"modified":"2024-10-18T09:48:23","modified_gmt":"2024-10-18T08:48:23","slug":"impacto-de-genero-del-covid-19","status":"publish","type":"post","link":"https:\/\/igualdad.us.es\/wpblog\/impacto-de-genero-del-covid-19\/","title":{"rendered":"Impacto de G\u00e9nero del COVID 19"},"content":{"rendered":"<p style=\"text-align: justify;\">El <strong>Instituto de la Mujer y para la Igualdad de Oportunidades<\/strong> ha publicado la gu\u00eda \u201c<a href=\"https:\/\/www.inmujer.gob.es\/diseno\/novedades\/IMPACTO_DE_GENERO_DEL_COVID_19_(uv).pdf\" target=\"_blank\" rel=\"noopener\"><strong>La Perspectiva de, esencial en la respuesta a la COVID19<\/strong><\/a>\u201d donde se detallan los factores sociales, econ\u00f3micos y sanitarios que inciden en que hombres y mujeres sufran sus consecuencias de forma distinta.<\/p>\n<p style=\"text-align: justify;\">\u00a0Ignorar el impacto de g\u00e9nero tendr\u00eda consecuencias econ\u00f3micas y sociales que agravar\u00edan la desigualdad.<\/p>\n<p>Descargar la gu\u00eda <a href=\"https:\/\/igualdad.us.es\/wpblog\/wp-content\/uploads\/2020\/05\/IMPACTO_DE_GENERO_DEL_COVID_19_uv.pdf\" target=\"_blank\" rel=\"noopener\">aqu\u00ed<\/a> (pdf)<\/p>\n","protected":false},"excerpt":{"rendered":"<p>Ignorar el impacto de g\u00e9nero tendr\u00eda consecuencias econ\u00f3micas y sociales que agravar\u00edan la desigualdad<\/p>\n","protected":false},"author":1,"featured_media":3467,"comment_status":"closed","ping_status":"closed","sticky":false,"template":"","format":"standard","meta":{"footnotes":""},"categories":[27],"tags":[],"class_list":["post-3464","post","type-post","status-publish","format-standard","has-post-thumbnail","hentry","category-noticia"],"gutentor_comment":0,"_links":{"self":[{"href":"https:\/\/igualdad.us.es\/wpblog\/wp-json\/wp\/v2\/posts\/3464","targetHints":{"allow":["GET"]}}],"collection":[{"href":"https:\/\/igualdad.us.es\/wpblog\/wp-json\/wp\/v2\/posts"}],"about":[{"href":"https:\/\/igualdad.us.es\/wpblog\/wp-json\/wp\/v2\/types\/post"}],"author":[{"embeddable":true,"href":"https:\/\/igualdad.us.es\/wpblog\/wp-json\/wp\/v2\/users\/1"}],"replies":[{"embeddable":true,"href":"https:\/\/igualdad.us.es\/wpblog\/wp-json\/wp\/v2\/comments?post=3464"}],"version-history":[{"count":2,"href":"https:\/\/igualdad.us.es\/wpblog\/wp-json\/wp\/v2\/posts\/3464\/revisions"}],"predecessor-version":[{"id":7805,"href":"https:\/\/igualdad.us.es\/wpblog\/wp-json\/wp\/v2\/posts\/3464\/revisions\/7805"}],"wp:featuredmedia":[{"embeddable":true,"href":"https:\/\/igualdad.us.es\/wpblog\/wp-json\/wp\/v2\/media\/3467"}],"wp:attachment":[{"href":"https:\/\/igualdad.us.es\/wpblog\/wp-json\/wp\/v2\/media?parent=3464"}],"wp:term":[{"taxonomy":"category","embeddable":true,"href":"https:\/\/igualdad.us.es\/wpblog\/wp-json\/wp\/v2\/categories?post=3464"},{"taxonomy":"post_tag","embeddable":true,"href":"https:\/\/igualdad.us.es\/wpblog\/wp-json\/wp\/v2\/tags?post=3464"}],"curies":[{"name":"wp","href":"https:\/\/api.w.org\/{rel}","templated":true}]}}