{"id":3430,"date":"2020-05-05T17:49:44","date_gmt":"2020-05-05T17:49:44","guid":{"rendered":"http:\/\/igualdad.us.es\/?p=3430"},"modified":"2020-06-15T06:13:17","modified_gmt":"2020-06-15T06:13:17","slug":"iradiando-igualdad-en-casa-2x16","status":"publish","type":"post","link":"https:\/\/igualdad.us.es\/wpblog\/iradiando-igualdad-en-casa-2x16\/","title":{"rendered":"iRadiando Igualdad en casa 2&#215;16"},"content":{"rendered":"<p style=\"text-align: justify;\"><strong><span style=\"color: #993366;\"><span class=\"episodioTit\">iRadiando <span style=\"color: #993366;\">Igualdad<\/span> en casa 2&#215;16: Octavio Salazar Ben\u00edtez <\/span><\/span><\/strong><br \/>\n<span style=\"color: #999999;\">(Actividad-2020)<\/span><\/p>\n<p style=\"text-align: justify;\"><span class=\"s1\">Entrevista a <\/span><span class=\"s1\"><strong> Octavio Salazar Ben\u00edtez<\/strong>, <strong>Catedr\u00e1tico de Derecho Constitucional de la Universidad de C\u00f3rdoba<\/strong>, miembro de la <strong>Comisi\u00f3n de Igualdad de la UCO<\/strong> y de la <strong>Red Feminista de Derecho Constitucional<\/strong> y colaborador en diferentes medios de comunicaci\u00f3n. <\/span><span class=\"s1\">En esta entrevista, hablamos con Octavio sobre lo que para \u00e9l supone ser un hombre en proceso de ser feminista, un padre imperfecto y un constitucionalista heterodoxo. Tambi\u00e9n charlamos sobre la violencia de g\u00e9nero en tiempos de pandemias y nos explica por qu\u00e9 defiende que el cuidado de las y los dependientes es un tema clave en el feminismo. Nos expone su porqu\u00e9 a reflexiones tales como \u201clos hombres buscan mujeres que ya no existen y las mujeres hombres que todav\u00eda no existen\u201d. Conversamos sobre conceptos como el de Mabel Bur\u00edn, \u201cPatolog\u00eda de la omnipotencia\u201d en los hombres, y el de la \u201cnormalidad\u201d en nuestra sociedad. Para finalizar, Octavio reivindica, en estas semanas, el derecho al silencio, la serenidad, el duelo, la recuperaci\u00f3n del valor de conversar, de dialogar.<\/span><\/p>\n<p style=\"padding-left: 30px; text-align: justify;\"><a href=\"https:\/\/radio.us.es\/episodio\/i-radiando-igualdad-episodio-2x16-entrevista-a-octavio-salazar-benitez\/\" target=\"_blank\" rel=\"noopener noreferrer\"><span style=\"color: #993366;\">Esc\u00fachalo aqu\u00ed<\/span> <img loading=\"lazy\" decoding=\"async\" class=\"size-full wp-image-923 alignnone\" src=\"https:\/\/igualdad.us.es\/wpblog\/wp-content\/uploads\/2018\/05\/microfono_20x20.png\" alt=\"\" width=\"20\" height=\"26\" \/><\/a> &#8211; <a href=\"https:\/\/radio.us.es\/wp-content\/uploads\/2020\/05\/octavio.mp3\" target=\"_blank\" rel=\"noopener noreferrer\"><span style=\"color: #993366;\">Desc\u00e1rgalo aqu\u00ed<\/span> <img loading=\"lazy\" decoding=\"async\" class=\"size-full wp-image-925 alignnone\" src=\"https:\/\/igualdad.us.es\/wpblog\/wp-content\/uploads\/2018\/05\/descarga_20x20.png\" alt=\"\" width=\"20\" height=\"19\" \/><\/a><\/p>\n<p>Para el resto de programas pulsa <a href=\"https:\/\/igualdad.us.es\/?page_id=1861\"><span style=\"color: #993366;\">aqu\u00ed<\/span><\/a><\/p>\n","protected":false},"excerpt":{"rendered":"<p>Entrevista a Octavio Salazar Ben\u00edtez<\/p>\n","protected":false},"author":1,"featured_media":3312,"comment_status":"closed","ping_status":"closed","sticky":false,"template":"","format":"standard","meta":{"footnotes":""},"categories":[31,39,27],"tags":[],"class_list":["post-3430","post","type-post","status-publish","format-standard","has-post-thumbnail","hentry","category-actividad","category-actividad-propia","category-noticia"],"gutentor_comment":0,"_links":{"self":[{"href":"https:\/\/igualdad.us.es\/wpblog\/wp-json\/wp\/v2\/posts\/3430","targetHints":{"allow":["GET"]}}],"collection":[{"href":"https:\/\/igualdad.us.es\/wpblog\/wp-json\/wp\/v2\/posts"}],"about":[{"href":"https:\/\/igualdad.us.es\/wpblog\/wp-json\/wp\/v2\/types\/post"}],"author":[{"embeddable":true,"href":"https:\/\/igualdad.us.es\/wpblog\/wp-json\/wp\/v2\/users\/1"}],"replies":[{"embeddable":true,"href":"https:\/\/igualdad.us.es\/wpblog\/wp-json\/wp\/v2\/comments?post=3430"}],"version-history":[{"count":3,"href":"https:\/\/igualdad.us.es\/wpblog\/wp-json\/wp\/v2\/posts\/3430\/revisions"}],"predecessor-version":[{"id":3639,"href":"https:\/\/igualdad.us.es\/wpblog\/wp-json\/wp\/v2\/posts\/3430\/revisions\/3639"}],"wp:featuredmedia":[{"embeddable":true,"href":"https:\/\/igualdad.us.es\/wpblog\/wp-json\/wp\/v2\/media\/3312"}],"wp:attachment":[{"href":"https:\/\/igualdad.us.es\/wpblog\/wp-json\/wp\/v2\/media?parent=3430"}],"wp:term":[{"taxonomy":"category","embeddable":true,"href":"https:\/\/igualdad.us.es\/wpblog\/wp-json\/wp\/v2\/categories?post=3430"},{"taxonomy":"post_tag","embeddable":true,"href":"https:\/\/igualdad.us.es\/wpblog\/wp-json\/wp\/v2\/tags?post=3430"}],"curies":[{"name":"wp","href":"https:\/\/api.w.org\/{rel}","templated":true}]}}