{"id":3429,"date":"2020-05-04T17:38:00","date_gmt":"2020-05-04T17:38:00","guid":{"rendered":"http:\/\/igualdad.us.es\/?p=3429"},"modified":"2020-05-05T17:58:53","modified_gmt":"2020-05-05T17:58:53","slug":"iradiando-igualdad-en-casa-2x15","status":"publish","type":"post","link":"https:\/\/igualdad.us.es\/wpblog\/iradiando-igualdad-en-casa-2x15\/","title":{"rendered":"iRadiando Igualdad en casa 2&#215;15"},"content":{"rendered":"<p><strong><span style=\"color: #993366;\"><span class=\"episodioTit\">iRadiando <span style=\"color: #993366;\">Igualdad<\/span> en casa 2&#215;15:\u00a0Ana Gonz\u00e1lez Pinto <\/span><\/span><\/strong><br \/>\n<span style=\"color: #999999;\">(Actividad-2020)<\/span><\/p>\n<p style=\"text-align: justify;\"><span class=\"s1\">Entrevista a <\/span><span class=\"s1\"><strong>Ana Gonz\u00e1lez Pinto<\/strong>, <strong>Delegada del Instituto Andaluz de la Mujer en la provincia de Sevilla<\/strong> y <strong>experta en atenci\u00f3n a mujeres v\u00edctimas de violencia de g\u00e9nero y en situaci\u00f3n de vulnerabilidad socioecon\u00f3mica<\/strong>. <\/span><span class=\"s1\">En esta entrevista, conocemos de mano de Ana Gonz\u00e1lez Pinto la adaptaci\u00f3n de los servicios del IAM a la situaci\u00f3n de confinamiento, basada principalmente en la atenci\u00f3n telem\u00e1tica y por email. Conoceremos, tambi\u00e9n, las medidas adoptadas por el IAM para llegar a las mujeres que por la situaci\u00f3n de confinamiento puedan tener m\u00e1s dificultades para contactar con los servicios de atenci\u00f3n. Nos acercaremos, adem\u00e1s, a la campa\u00f1a #Seguimoscoeducando, que est\u00e1 difundiendo, a trav\u00e9s de Internet y redes sociales, materiales formativos extra\u00eddos del Primer Congreso Andaluz de Coeducaci\u00f3n, para que profesorado y familias puedan seguir educando en igualdad durante el confinamiento. Conoceremos la opini\u00f3n de Ana Gonz\u00e1lez Pinto sobre los retos y oportunidades para la igualdad de esta crisis.<\/span><\/p>\n<p style=\"padding-left: 30px; text-align: justify;\"><a href=\"https:\/\/radio.us.es\/episodio\/i-radiando-igualdad-episodio-2x15-entrevista-a-ana-gonzalez-pinto\/\" target=\"_blank\" rel=\"noopener\"><span style=\"color: #993366;\">Esc\u00fachalo aqu\u00ed<\/span> <img loading=\"lazy\" decoding=\"async\" class=\"size-full wp-image-923 alignnone\" src=\"https:\/\/igualdad.us.es\/wpblog\/wp-content\/uploads\/2018\/05\/microfono_20x20.png\" alt=\"\" width=\"20\" height=\"26\" \/><\/a> &#8211; <a href=\"https:\/\/radio.us.es\/wp-content\/uploads\/2020\/05\/ana.mp3\" target=\"_blank\" rel=\"noopener\"><span style=\"color: #993366;\">Desc\u00e1rgalo aqu\u00ed<\/span> <img loading=\"lazy\" decoding=\"async\" class=\"size-full wp-image-925 alignnone\" src=\"https:\/\/igualdad.us.es\/wpblog\/wp-content\/uploads\/2018\/05\/descarga_20x20.png\" alt=\"\" width=\"20\" height=\"19\" \/><\/a><\/p>\n<p>Para el resto de programas pulsa <a href=\"https:\/\/igualdad.us.es\/?page_id=1861\"><span style=\"color: #993366;\">aqu\u00ed<\/span><\/a><\/p>\n","protected":false},"excerpt":{"rendered":"<p>Entrevista a Ana Gonz\u00e1lez Pinto<\/p>\n","protected":false},"author":1,"featured_media":3312,"comment_status":"closed","ping_status":"closed","sticky":false,"template":"","format":"standard","meta":{"footnotes":""},"categories":[31,39,27],"tags":[],"class_list":["post-3429","post","type-post","status-publish","format-standard","has-post-thumbnail","hentry","category-actividad","category-actividad-propia","category-noticia"],"gutentor_comment":0,"_links":{"self":[{"href":"https:\/\/igualdad.us.es\/wpblog\/wp-json\/wp\/v2\/posts\/3429","targetHints":{"allow":["GET"]}}],"collection":[{"href":"https:\/\/igualdad.us.es\/wpblog\/wp-json\/wp\/v2\/posts"}],"about":[{"href":"https:\/\/igualdad.us.es\/wpblog\/wp-json\/wp\/v2\/types\/post"}],"author":[{"embeddable":true,"href":"https:\/\/igualdad.us.es\/wpblog\/wp-json\/wp\/v2\/users\/1"}],"replies":[{"embeddable":true,"href":"https:\/\/igualdad.us.es\/wpblog\/wp-json\/wp\/v2\/comments?post=3429"}],"version-history":[{"count":2,"href":"https:\/\/igualdad.us.es\/wpblog\/wp-json\/wp\/v2\/posts\/3429\/revisions"}],"predecessor-version":[{"id":3434,"href":"https:\/\/igualdad.us.es\/wpblog\/wp-json\/wp\/v2\/posts\/3429\/revisions\/3434"}],"wp:featuredmedia":[{"embeddable":true,"href":"https:\/\/igualdad.us.es\/wpblog\/wp-json\/wp\/v2\/media\/3312"}],"wp:attachment":[{"href":"https:\/\/igualdad.us.es\/wpblog\/wp-json\/wp\/v2\/media?parent=3429"}],"wp:term":[{"taxonomy":"category","embeddable":true,"href":"https:\/\/igualdad.us.es\/wpblog\/wp-json\/wp\/v2\/categories?post=3429"},{"taxonomy":"post_tag","embeddable":true,"href":"https:\/\/igualdad.us.es\/wpblog\/wp-json\/wp\/v2\/tags?post=3429"}],"curies":[{"name":"wp","href":"https:\/\/api.w.org\/{rel}","templated":true}]}}