{"id":3427,"date":"2020-05-01T17:33:54","date_gmt":"2020-05-01T17:33:54","guid":{"rendered":"http:\/\/igualdad.us.es\/?p=3427"},"modified":"2020-05-05T18:00:00","modified_gmt":"2020-05-05T18:00:00","slug":"iradiando-igualdad-en-casa-2x14","status":"publish","type":"post","link":"https:\/\/igualdad.us.es\/wpblog\/iradiando-igualdad-en-casa-2x14\/","title":{"rendered":"iRadiando Igualdad en casa 2&#215;14"},"content":{"rendered":"<p><strong><span style=\"color: #993366;\"><span class=\"episodioTit\">iRadiando <span style=\"color: #993366;\">Igualdad<\/span> en casa 2&#215;14: <span class=\"s1\">Mayte Padilla Carmona<\/span> <\/span><\/span><\/strong><br \/>\n<span style=\"color: #999999;\">(Actividad-2020)<\/span><\/p>\n<p style=\"text-align: justify;\"><span class=\"s1\">Entrevista a <\/span><span class=\"s1\"><strong>Mayte Padilla Carmona<\/strong> es <strong>catedr\u00e1tica e investigadora en la Universidad de Sevilla<\/strong>,<strong> coordinadora de pr\u00e1cticas del M\u00e1ster oficial de Estudios de G\u00e9nero y Desarrollo Profesional<\/strong> de la US y <strong>profesora<\/strong>, en este mismo m\u00e1ster, de la <strong>asignatura \u201cCoeducaci\u00f3n y Orientaci\u00f3n para la Igualdad\u201d<\/strong>. <\/span><span class=\"s1\">En esta entrevista le tomamos el pulso a la posible situaci\u00f3n de brecha de g\u00e9nero digital que puede producirse en la US con la implantaci\u00f3n de la docencia online a causa del confinamiento, y a las medidas que tanto desde las instituciones como desde el profesorado se pueden tomar para tratar de reducirla. Conoceremos, tambi\u00e9n, iniciativas coeducativas a trav\u00e9s de Internet y Redes Sociales para seguir educando en igualdad desde casa. Nos acercaremos, adem\u00e1s, a las iniciativas de los movimientos sociales frente al COVID 19 y c\u00f3mo se est\u00e1 afrontando esta crisis desde la solidaridad y la igualdad. Por \u00faltimo, exploramos la opini\u00f3n de Mayte Padilla sobre los retos que esta crisis puede plantear a la igualdad y tambi\u00e9n sobre las oportunidades que nos brinda.<\/span><\/p>\n<p style=\"padding-left: 30px; text-align: justify;\"><a href=\"https:\/\/radio.us.es\/episodio\/i-radiando-igualdad-episodio-2x14-entrevista-a-mayte-padilla-carmona\/\" target=\"_blank\" rel=\"noopener\"><span style=\"color: #993366;\">Esc\u00fachalo aqu\u00ed<\/span> <img loading=\"lazy\" decoding=\"async\" class=\"size-full wp-image-923 alignnone\" src=\"https:\/\/igualdad.us.es\/wpblog\/wp-content\/uploads\/2018\/05\/microfono_20x20.png\" alt=\"\" width=\"20\" height=\"26\" \/><\/a> &#8211; <a href=\"https:\/\/radio.us.es\/wp-content\/uploads\/2020\/05\/Mayte.mp3\" target=\"_blank\" rel=\"noopener\"><span style=\"color: #993366;\">Desc\u00e1rgalo aqu\u00ed<\/span> <img loading=\"lazy\" decoding=\"async\" class=\"size-full wp-image-925 alignnone\" src=\"https:\/\/igualdad.us.es\/wpblog\/wp-content\/uploads\/2018\/05\/descarga_20x20.png\" alt=\"\" width=\"20\" height=\"19\" \/><\/a><\/p>\n<p>Para el resto de programas pulsa <a href=\"https:\/\/igualdad.us.es\/?page_id=1861\"><span style=\"color: #993366;\">aqu\u00ed<\/span><\/a><\/p>\n","protected":false},"excerpt":{"rendered":"<p>Entrevista a Mayte Padilla Carmona<\/p>\n","protected":false},"author":1,"featured_media":3312,"comment_status":"closed","ping_status":"closed","sticky":false,"template":"","format":"standard","meta":{"footnotes":""},"categories":[31,39,27],"tags":[],"class_list":["post-3427","post","type-post","status-publish","format-standard","has-post-thumbnail","hentry","category-actividad","category-actividad-propia","category-noticia"],"gutentor_comment":0,"_links":{"self":[{"href":"https:\/\/igualdad.us.es\/wpblog\/wp-json\/wp\/v2\/posts\/3427","targetHints":{"allow":["GET"]}}],"collection":[{"href":"https:\/\/igualdad.us.es\/wpblog\/wp-json\/wp\/v2\/posts"}],"about":[{"href":"https:\/\/igualdad.us.es\/wpblog\/wp-json\/wp\/v2\/types\/post"}],"author":[{"embeddable":true,"href":"https:\/\/igualdad.us.es\/wpblog\/wp-json\/wp\/v2\/users\/1"}],"replies":[{"embeddable":true,"href":"https:\/\/igualdad.us.es\/wpblog\/wp-json\/wp\/v2\/comments?post=3427"}],"version-history":[{"count":2,"href":"https:\/\/igualdad.us.es\/wpblog\/wp-json\/wp\/v2\/posts\/3427\/revisions"}],"predecessor-version":[{"id":3435,"href":"https:\/\/igualdad.us.es\/wpblog\/wp-json\/wp\/v2\/posts\/3427\/revisions\/3435"}],"wp:featuredmedia":[{"embeddable":true,"href":"https:\/\/igualdad.us.es\/wpblog\/wp-json\/wp\/v2\/media\/3312"}],"wp:attachment":[{"href":"https:\/\/igualdad.us.es\/wpblog\/wp-json\/wp\/v2\/media?parent=3427"}],"wp:term":[{"taxonomy":"category","embeddable":true,"href":"https:\/\/igualdad.us.es\/wpblog\/wp-json\/wp\/v2\/categories?post=3427"},{"taxonomy":"post_tag","embeddable":true,"href":"https:\/\/igualdad.us.es\/wpblog\/wp-json\/wp\/v2\/tags?post=3427"}],"curies":[{"name":"wp","href":"https:\/\/api.w.org\/{rel}","templated":true}]}}