{"id":3354,"date":"2020-04-27T13:02:42","date_gmt":"2020-04-27T13:02:42","guid":{"rendered":"http:\/\/igualdad.us.es\/?p=3354"},"modified":"2020-05-05T17:54:05","modified_gmt":"2020-05-05T17:54:05","slug":"iradiando-igualdad-en-casa-2x10","status":"publish","type":"post","link":"https:\/\/igualdad.us.es\/wpblog\/iradiando-igualdad-en-casa-2x10\/","title":{"rendered":"iRadiando Igualdad en casa 2&#215;10"},"content":{"rendered":"<p><strong><span style=\"color: #993366;\"><span class=\"episodioTit\">iRadiando <span style=\"color: #993366;\">Igualdad<\/span> en casa 2&#215;10: <span class=\"s1\">Laura Oca\u00f1a Marave<\/span> <\/span><\/span><\/strong><br \/>\n<span style=\"color: #999999;\">(Actividad-2020)<\/span><\/p>\n<p style=\"text-align: justify;\"><span class=\"s1\">En esta entrevista contamos con <strong>Laura Oca\u00f1a Maraver, psic\u00f3loga sanitaria y experta en victimolog\u00eda<\/strong> que nos habla de c\u00f3mo el aislamiento por el COVID-10 agrava la situaci\u00f3n en la que se encuentran las mujeres que sufren violencias machistas de diversos tipos, al estar confinadas 24 horas al d\u00eda con sus agresores y aisladas de sus puntos de apoyo. Nos informa, adem\u00e1s, de los recursos y las herramientas con las que las mujeres que se encuentran en este contexto pueden contar para combatir esta situaci\u00f3n, y de c\u00f3mo todas y todos, como sociedad, debemos ser responsables y denunciar estas situaciones, adem\u00e1s de sensibilizar al resto de la poblaci\u00f3n. <\/span><\/p>\n<p style=\"padding-left: 30px; text-align: justify;\"><a href=\"https:\/\/radio.us.es\/episodio\/i-radiando-igualdad-episodio-2x10-entrevista-a-laura-ocana-maraver\/\" target=\"_blank\" rel=\"noopener\"><span style=\"color: #993366;\">Esc\u00fachalo aqu\u00ed<\/span> <img loading=\"lazy\" decoding=\"async\" class=\"size-full wp-image-923 alignnone\" src=\"https:\/\/igualdad.us.es\/wpblog\/wp-content\/uploads\/2018\/05\/microfono_20x20.png\" alt=\"\" width=\"20\" height=\"26\" \/><\/a> &#8211; <a href=\"https:\/\/radio.us.es\/wp-content\/uploads\/2020\/04\/laura.mp3\" target=\"_blank\" rel=\"noopener\"><span style=\"color: #993366;\">Desc\u00e1rgalo aqu\u00ed<\/span> <img loading=\"lazy\" decoding=\"async\" class=\"size-full wp-image-925 alignnone\" src=\"https:\/\/igualdad.us.es\/wpblog\/wp-content\/uploads\/2018\/05\/descarga_20x20.png\" alt=\"\" width=\"20\" height=\"19\" \/><\/a><\/p>\n<p>Para el resto de programas pulsa <a href=\"https:\/\/igualdad.us.es\/?page_id=1861\"><span style=\"color: #993366;\">aqu\u00ed<\/span><\/a><\/p>\n","protected":false},"excerpt":{"rendered":"<p>Entrevista a Laura Oca\u00f1a Maraver<\/p>\n","protected":false},"author":1,"featured_media":3312,"comment_status":"closed","ping_status":"closed","sticky":false,"template":"","format":"standard","meta":{"footnotes":""},"categories":[31,39,27],"tags":[],"class_list":["post-3354","post","type-post","status-publish","format-standard","has-post-thumbnail","hentry","category-actividad","category-actividad-propia","category-noticia"],"gutentor_comment":0,"_links":{"self":[{"href":"https:\/\/igualdad.us.es\/wpblog\/wp-json\/wp\/v2\/posts\/3354","targetHints":{"allow":["GET"]}}],"collection":[{"href":"https:\/\/igualdad.us.es\/wpblog\/wp-json\/wp\/v2\/posts"}],"about":[{"href":"https:\/\/igualdad.us.es\/wpblog\/wp-json\/wp\/v2\/types\/post"}],"author":[{"embeddable":true,"href":"https:\/\/igualdad.us.es\/wpblog\/wp-json\/wp\/v2\/users\/1"}],"replies":[{"embeddable":true,"href":"https:\/\/igualdad.us.es\/wpblog\/wp-json\/wp\/v2\/comments?post=3354"}],"version-history":[{"count":1,"href":"https:\/\/igualdad.us.es\/wpblog\/wp-json\/wp\/v2\/posts\/3354\/revisions"}],"predecessor-version":[{"id":3356,"href":"https:\/\/igualdad.us.es\/wpblog\/wp-json\/wp\/v2\/posts\/3354\/revisions\/3356"}],"wp:featuredmedia":[{"embeddable":true,"href":"https:\/\/igualdad.us.es\/wpblog\/wp-json\/wp\/v2\/media\/3312"}],"wp:attachment":[{"href":"https:\/\/igualdad.us.es\/wpblog\/wp-json\/wp\/v2\/media?parent=3354"}],"wp:term":[{"taxonomy":"category","embeddable":true,"href":"https:\/\/igualdad.us.es\/wpblog\/wp-json\/wp\/v2\/categories?post=3354"},{"taxonomy":"post_tag","embeddable":true,"href":"https:\/\/igualdad.us.es\/wpblog\/wp-json\/wp\/v2\/tags?post=3354"}],"curies":[{"name":"wp","href":"https:\/\/api.w.org\/{rel}","templated":true}]}}