{"id":3346,"date":"2020-04-23T12:51:53","date_gmt":"2020-04-23T12:51:53","guid":{"rendered":"http:\/\/igualdad.us.es\/?p=3346"},"modified":"2020-05-05T17:53:21","modified_gmt":"2020-05-05T17:53:21","slug":"iradiando-igualdad-en-casa-2x08","status":"publish","type":"post","link":"https:\/\/igualdad.us.es\/wpblog\/iradiando-igualdad-en-casa-2x08\/","title":{"rendered":"iRadiando Igualdad en casa 2&#215;08"},"content":{"rendered":"<p><strong><span style=\"color: #993366;\"><span class=\"episodioTit\">iRadiando <span style=\"color: #993366;\">Igualdad<\/span> en casa 2&#215;08: \u00a0Blessing Ulefe Nelson <\/span><\/span><\/strong><br \/>\n<span style=\"color: #999999;\">(Actividad-2020)<\/span><\/p>\n<p style=\"text-align: justify;\">Entrevista a\u00a0<strong>Blessing Ulefe Nelson<\/strong> <strong>estudiante del M\u00e1ster de Estudios de G\u00e9nero y Desarrollo Profesional<\/strong> de la Universidad de Sevilla, <strong>afroandaluza y feminista.<\/strong> En esta entrevista, Blessing nos explica por qu\u00e9 considera que su identidad est\u00e1 en tr\u00e1nsito. Adem\u00e1s, habla sobre los grupos de apoyo que hay en Sevilla para mujeres africanas y latinoamericanas que re\u00fanen a mujeres que tienen una doble identidad, las de su pa\u00eds de origen y la sevillana, para evitar que la sociedad convierta esta doble identidad en un conflicto. Por otro lado, cuenta, desde su experiencia, lo que significa el feminismo decolonial y el techo de acero hormigonado, perjudiciales al combinarse el racismo y el patriarcado. Por \u00faltimo, Blessing da su opini\u00f3n acerca de la situaci\u00f3n del feminismo durante y despu\u00e9s del confinamiento causado por el COVID19.<\/p>\n<p style=\"padding-left: 30px; text-align: justify;\"><a href=\"https:\/\/radio.us.es\/episodio\/i-radiando-igualdad-episodio-2x08-entrevista-a-blessing-ulefe-nelson\/\" target=\"_blank\" rel=\"noopener\"><span style=\"color: #993366;\">Esc\u00fachalo aqu\u00ed<\/span> <img loading=\"lazy\" decoding=\"async\" class=\"size-full wp-image-923 alignnone\" src=\"https:\/\/igualdad.us.es\/wpblog\/wp-content\/uploads\/2018\/05\/microfono_20x20.png\" alt=\"\" width=\"20\" height=\"26\" \/><\/a> &#8211; <a href=\"https:\/\/radio.us.es\/wp-content\/uploads\/2020\/04\/Blessing.mp3\" target=\"_blank\" rel=\"noopener\"><span style=\"color: #993366;\">Desc\u00e1rgalo aqu\u00ed<\/span> <img loading=\"lazy\" decoding=\"async\" class=\"size-full wp-image-925 alignnone\" src=\"https:\/\/igualdad.us.es\/wpblog\/wp-content\/uploads\/2018\/05\/descarga_20x20.png\" alt=\"\" width=\"20\" height=\"19\" \/><\/a><\/p>\n<p>Para el resto de programas pulsa <a href=\"https:\/\/igualdad.us.es\/?page_id=1861\"><span style=\"color: #993366;\">aqu\u00ed<\/span><\/a><\/p>\n","protected":false},"excerpt":{"rendered":"<p>Entrevista a Ana Macanuco Rodr\u00edguez<\/p>\n","protected":false},"author":1,"featured_media":3312,"comment_status":"closed","ping_status":"closed","sticky":false,"template":"","format":"standard","meta":{"footnotes":""},"categories":[31,39,27],"tags":[],"class_list":["post-3346","post","type-post","status-publish","format-standard","has-post-thumbnail","hentry","category-actividad","category-actividad-propia","category-noticia"],"gutentor_comment":0,"_links":{"self":[{"href":"https:\/\/igualdad.us.es\/wpblog\/wp-json\/wp\/v2\/posts\/3346","targetHints":{"allow":["GET"]}}],"collection":[{"href":"https:\/\/igualdad.us.es\/wpblog\/wp-json\/wp\/v2\/posts"}],"about":[{"href":"https:\/\/igualdad.us.es\/wpblog\/wp-json\/wp\/v2\/types\/post"}],"author":[{"embeddable":true,"href":"https:\/\/igualdad.us.es\/wpblog\/wp-json\/wp\/v2\/users\/1"}],"replies":[{"embeddable":true,"href":"https:\/\/igualdad.us.es\/wpblog\/wp-json\/wp\/v2\/comments?post=3346"}],"version-history":[{"count":2,"href":"https:\/\/igualdad.us.es\/wpblog\/wp-json\/wp\/v2\/posts\/3346\/revisions"}],"predecessor-version":[{"id":3349,"href":"https:\/\/igualdad.us.es\/wpblog\/wp-json\/wp\/v2\/posts\/3346\/revisions\/3349"}],"wp:featuredmedia":[{"embeddable":true,"href":"https:\/\/igualdad.us.es\/wpblog\/wp-json\/wp\/v2\/media\/3312"}],"wp:attachment":[{"href":"https:\/\/igualdad.us.es\/wpblog\/wp-json\/wp\/v2\/media?parent=3346"}],"wp:term":[{"taxonomy":"category","embeddable":true,"href":"https:\/\/igualdad.us.es\/wpblog\/wp-json\/wp\/v2\/categories?post=3346"},{"taxonomy":"post_tag","embeddable":true,"href":"https:\/\/igualdad.us.es\/wpblog\/wp-json\/wp\/v2\/tags?post=3346"}],"curies":[{"name":"wp","href":"https:\/\/api.w.org\/{rel}","templated":true}]}}